{"id":976,"date":"2023-08-31T10:17:18","date_gmt":"2023-08-31T10:17:18","guid":{"rendered":"https:\/\/ditori.com\/?p=976"},"modified":"2023-08-31T10:17:18","modified_gmt":"2023-08-31T10:17:18","slug":"policia-jep-detaje-per-sulmin-me-granate-dore-ne-shtepine-e-kryesuesit-te-bordit-te-trepces","status":"publish","type":"post","link":"https:\/\/ditori.com\/index.php\/2023\/08\/31\/policia-jep-detaje-per-sulmin-me-granate-dore-ne-shtepine-e-kryesuesit-te-bordit-te-trepces\/","title":{"rendered":"Policia jep detaje p\u00ebr sulmin me granat\u00eb dore n\u00eb sht\u00ebpin\u00eb e kryesuesit t\u00eb Bordit t\u00eb Trep\u00e7\u00ebs"},"content":{"rendered":"<p>Policia e Kosov\u00ebs n\u00eb Mitrovic\u00eb, ka konfirmuar sulmin me granat\u00eb dore n\u00eb sht\u00ebpin\u00eb e kryesuesit t\u00eb bordit t\u00eb \u201cTrep\u00e7\u00ebs\u201d, Bahri Hyseni.<\/p>\n<p>Ilmi Prekazi nga zyra e p\u00ebr media e policis\u00eb n\u00eb Mitrovic\u00eb, tha se sulmi \u00ebsht\u00eb kryer me mjet shp\u00ebrthyes.<\/p>\n<p>\u201cAnkuesi ka raportuar n\u00eb polici p\u00ebr d\u00ebmtimin e dy automjeteve t\u00eb tij. Rasti ka ndodhur rreth or\u00ebs 07:43 t\u00eb m\u00ebngjesit t\u00eb sot\u00ebm. Nj\u00ebsitet policore kan\u00eb shkuar n\u00eb vendin e ngjarjes dhe kan\u00eb v\u00ebrejtur se dy automjete kan\u00eb qen\u00eb t\u00eb d\u00ebmtuara e po ashtu edhe nj\u00eb pjes\u00eb e sht\u00ebpis\u00eb, dera e hyrjes s\u00eb sht\u00ebpis\u00eb\u201d, ka deklaruar Prekazi.<\/p>\n<p>Ai shtoi se jan\u00eb thirr edhe nj\u00ebsitet kompetente t\u00eb cilat kan\u00eb b\u00ebr\u00eb ekzaminimin e ngjarjes dhe dyshohet se ka qen\u00eb mjet shp\u00ebrthyes.<\/p>\n<p>\u201cNj\u00ebsitet p\u00ebrkat\u00ebse po merren me procedurat e tjera hetimore\u201d, ka th\u00ebn\u00eb Prekazi.<\/p>\n<p>Nd\u00ebrkaq kryesuesi i bordit, Bahri Hyseni n\u00eb nj\u00eb prononcim p\u00ebr Telegrafin ka th\u00ebn\u00eb se \u201cne kemi qen\u00eb n\u00eb sht\u00ebpi, p\u00ebr fat t\u00eb mir\u00eb nuk kemi pas l\u00ebndime apo di\u00e7ka, vet\u00ebm d\u00ebme materiale\u201d.<\/p>\n","protected":false},"excerpt":{"rendered":"<p>Policia e Kosov\u00ebs n\u00eb Mitrovic\u00eb, ka konfirmuar sulmin me granat\u00eb dore n\u00eb sht\u00ebpin\u00eb e kryesuesit t\u00eb bordit t\u00eb \u201cTrep\u00e7\u00ebs\u201d, Bahri Hyseni. Ilmi Prekazi nga zyra e p\u00ebr media e policis\u00eb n\u00eb Mitrovic\u00eb, tha se sulmi \u00ebsht\u00eb kryer me mjet shp\u00ebrthyes. \u201cAnkuesi ka raportuar n\u00eb polici p\u00ebr d\u00ebmtimin e dy automjeteve t\u00eb tij. Rasti ka ndodhur [&hellip;]<\/p>\n","protected":false},"author":4,"featured_media":977,"comment_status":"open","ping_status":"open","sticky":false,"template":"","format":"standard","meta":{"footnotes":""},"categories":[9],"tags":[],"_links":{"self":[{"href":"https:\/\/ditori.com\/index.php\/wp-json\/wp\/v2\/posts\/976"}],"collection":[{"href":"https:\/\/ditori.com\/index.php\/wp-json\/wp\/v2\/posts"}],"about":[{"href":"https:\/\/ditori.com\/index.php\/wp-json\/wp\/v2\/types\/post"}],"author":[{"embeddable":true,"href":"https:\/\/ditori.com\/index.php\/wp-json\/wp\/v2\/users\/4"}],"replies":[{"embeddable":true,"href":"https:\/\/ditori.com\/index.php\/wp-json\/wp\/v2\/comments?post=976"}],"version-history":[{"count":1,"href":"https:\/\/ditori.com\/index.php\/wp-json\/wp\/v2\/posts\/976\/revisions"}],"predecessor-version":[{"id":978,"href":"https:\/\/ditori.com\/index.php\/wp-json\/wp\/v2\/posts\/976\/revisions\/978"}],"wp:featuredmedia":[{"embeddable":true,"href":"https:\/\/ditori.com\/index.php\/wp-json\/wp\/v2\/media\/977"}],"wp:attachment":[{"href":"https:\/\/ditori.com\/index.php\/wp-json\/wp\/v2\/media?parent=976"}],"wp:term":[{"taxonomy":"category","embeddable":true,"href":"https:\/\/ditori.com\/index.php\/wp-json\/wp\/v2\/categories?post=976"},{"taxonomy":"post_tag","embeddable":true,"href":"https:\/\/ditori.com\/index.php\/wp-json\/wp\/v2\/tags?post=976"}],"curies":[{"name":"wp","href":"https:\/\/api.w.org\/{rel}","templated":true}]}}