{"id":703,"date":"2023-08-24T10:56:36","date_gmt":"2023-08-24T10:56:36","guid":{"rendered":"https:\/\/ditori.com\/?p=703"},"modified":"2023-08-24T10:56:36","modified_gmt":"2023-08-24T10:56:36","slug":"fillon-gjyqi-ndaj-vajzes-nga-kosova-qe-vrau-babain-e-saj-ne-zvicer-po-te-mos-e-kisha-qelluar-sot-nena-ime-nuk-do-te-ishte-gjalle","status":"publish","type":"post","link":"https:\/\/ditori.com\/index.php\/2023\/08\/24\/fillon-gjyqi-ndaj-vajzes-nga-kosova-qe-vrau-babain-e-saj-ne-zvicer-po-te-mos-e-kisha-qelluar-sot-nena-ime-nuk-do-te-ishte-gjalle\/","title":{"rendered":"Fillon gjyqi ndaj vajz\u00ebs nga Kosova q\u00eb vrau babain e saj n\u00eb Zvic\u00ebr: Po t\u00eb mos e kisha q\u00eblluar, sot n\u00ebna ime nuk do t\u00eb ishte gjall\u00eb"},"content":{"rendered":"<div class=\"block single block--padding\">\n<div class=\"container\">\n<div class=\"row\">\n<div class=\"col col-12 col-sm-9 col-lg-9 block--border-l\">\n<div class=\"single__content\">\n<p>Krimi q\u00eb kishte tronditur Zurihun e Zvicr\u00ebs tre vite m\u00eb par\u00eb tani ka p\u00ebrfunduar n\u00eb gjykat\u00eb. M.B nga Kosova ishte q\u00eblluar nga vajza e tij n\u00eb Zyrich pas nj\u00eb z\u00ebnke t\u00eb \u00e7astit.<\/p>\n<p>Vajza pretendon se e vrau babain e saj n\u00eb vetmbrojtje t\u00eb saj dhe n\u00ebn\u00ebs.<\/p>\n<p>\u201cPo t\u00eb mos kisha q\u00eblluar, n\u00ebna ime nuk do t\u00eb ishte m\u00eb k\u00ebtu. Ai b\u00ebrtiste q\u00eb do t\u00eb iu vras t\u00eb gjith\u00ebve. Kemi vuajtur shum\u00eb nga ai. Jam e lumtur q\u00eb arrita ta shp\u00ebtoj n\u00ebn\u00ebn nga ai\u201d ka th\u00ebn\u00eb vajza 21 vje\u00e7are.<\/p>\n<p>P\u00ebr prokurorin akti \u00ebsht\u00eb nj\u00eb vrasje me dashje. Ai k\u00ebrkon d\u00ebnim me burg pa kushte prej pes\u00eb vitesh. \u201c<\/p>\n<p>Akti ishte shum\u00eb af\u00ebr nj\u00eb vet\u00ebmbrojtjeje t\u00eb justifikuar \u201d, tha prokurori.<\/p>\n<p>Viktima m\u00ebsohet se kishte drejtuar nj\u00eb biznes t\u00eb shitjeve t\u00eb makinave n\u00eb Zvic\u00ebr. \/Indeksonline<\/p>\n<\/div>\n<\/div>\n<\/div>\n<\/div>\n<\/div>\n","protected":false},"excerpt":{"rendered":"<p>Krimi q\u00eb kishte tronditur Zurihun e Zvicr\u00ebs tre vite m\u00eb par\u00eb tani ka p\u00ebrfunduar n\u00eb gjykat\u00eb. M.B nga Kosova ishte q\u00eblluar nga vajza e tij n\u00eb Zyrich pas nj\u00eb z\u00ebnke t\u00eb \u00e7astit. Vajza pretendon se e vrau babain e saj n\u00eb vetmbrojtje t\u00eb saj dhe n\u00ebn\u00ebs. \u201cPo t\u00eb mos kisha q\u00eblluar, n\u00ebna ime nuk do [&hellip;]<\/p>\n","protected":false},"author":2,"featured_media":704,"comment_status":"open","ping_status":"open","sticky":false,"template":"","format":"standard","meta":{"footnotes":""},"categories":[6,1],"tags":[],"_links":{"self":[{"href":"https:\/\/ditori.com\/index.php\/wp-json\/wp\/v2\/posts\/703"}],"collection":[{"href":"https:\/\/ditori.com\/index.php\/wp-json\/wp\/v2\/posts"}],"about":[{"href":"https:\/\/ditori.com\/index.php\/wp-json\/wp\/v2\/types\/post"}],"author":[{"embeddable":true,"href":"https:\/\/ditori.com\/index.php\/wp-json\/wp\/v2\/users\/2"}],"replies":[{"embeddable":true,"href":"https:\/\/ditori.com\/index.php\/wp-json\/wp\/v2\/comments?post=703"}],"version-history":[{"count":1,"href":"https:\/\/ditori.com\/index.php\/wp-json\/wp\/v2\/posts\/703\/revisions"}],"predecessor-version":[{"id":705,"href":"https:\/\/ditori.com\/index.php\/wp-json\/wp\/v2\/posts\/703\/revisions\/705"}],"wp:featuredmedia":[{"embeddable":true,"href":"https:\/\/ditori.com\/index.php\/wp-json\/wp\/v2\/media\/704"}],"wp:attachment":[{"href":"https:\/\/ditori.com\/index.php\/wp-json\/wp\/v2\/media?parent=703"}],"wp:term":[{"taxonomy":"category","embeddable":true,"href":"https:\/\/ditori.com\/index.php\/wp-json\/wp\/v2\/categories?post=703"},{"taxonomy":"post_tag","embeddable":true,"href":"https:\/\/ditori.com\/index.php\/wp-json\/wp\/v2\/tags?post=703"}],"curies":[{"name":"wp","href":"https:\/\/api.w.org\/{rel}","templated":true}]}}