{"id":673,"date":"2023-08-03T14:16:36","date_gmt":"2023-08-03T14:16:36","guid":{"rendered":"https:\/\/ditori.com\/?p=673"},"modified":"2023-08-03T14:18:03","modified_gmt":"2023-08-03T14:18:03","slug":"organizatat-nderkombetare-per-lirine-e-medias-pershendesin-vendimin-e-komerciales-per-klan-kosoven","status":"publish","type":"post","link":"https:\/\/ditori.com\/index.php\/2023\/08\/03\/organizatat-nderkombetare-per-lirine-e-medias-pershendesin-vendimin-e-komerciales-per-klan-kosoven\/","title":{"rendered":"Organizatat nd\u00ebrkomb\u00ebtare p\u00ebr lirin\u00eb e medias p\u00ebrsh\u00ebndesin vendimin e Komerciales p\u00ebr Klan Kosov\u00ebn"},"content":{"rendered":"<p>Organizatat kryesore nd\u00ebrkomb\u00ebtare p\u00ebr lirin\u00eb e medias kan\u00eb mir\u00ebpritur vendimin e sot\u00ebm t\u00eb Gjykat\u00ebs Komerciale p\u00ebr shtyrjen e vendimit t\u00eb MINT rreth pezullimit t\u00eb cerfikat\u00ebs s\u00eb biznesit t\u00eb Klan Kosov\u00ebs.<\/p>\n<p>N\u00eb reagimin e shtat\u00eb organizatave theksohet se ky \u00ebsht\u00eb nj\u00eb vendim i r\u00ebnd\u00ebsish\u00ebm ligjor q\u00eb bllokon p\u00ebrpjekjen e qeveris\u00eb p\u00ebr t\u00eb mbyllur kanalin m\u00eb t\u00eb madh televiziv privat n\u00eb vend.<\/p>\n<p>\u201cM\u00eb 2 gusht 2023, gjyqtar\u00ebt n\u00eb Gjykat\u00ebn Komerciale n\u00eb Prishtin\u00eb vendos\u00ebn kund\u00ebr vendimit t\u00eb Ministris\u00eb s\u00eb Industris\u00eb, Nd\u00ebrmarr\u00ebsis\u00eb dhe Tregtis\u00eb p\u00ebr pezullimin e certifikat\u00ebs s\u00eb biznesit t\u00eb kanalit televiziv, gj\u00eb q\u00eb mund t\u00eb kishte \u00e7uar n\u00eb t\u00ebrheqjen e licenc\u00ebs s\u00eb transmetimit dhe p\u00ebrfundimin e operacionet e saj n\u00eb Kosov\u00eb\u201d.<\/p>\n<p>\u201cMes nj\u00eb proteste nga grupet komb\u00ebtare, rajonale dhe nd\u00ebrkomb\u00ebtare t\u00eb liris\u00eb s\u00eb mediave dhe gazetar\u00ebve, si dhe nga organizatat nd\u00ebrkomb\u00ebtare dhe ambasadat per\u00ebndimore, Klan Kosova apeloi vendimin e paprecedent\u00eb t\u00eb Ministris\u00eb dhe k\u00ebrkoi nj\u00eb urdh\u00ebr nga gjykata\u201d, thuhet n\u00eb reagimin e tyre.<\/p>\n<p>Organizatat si: ARTICLE 19 Europe, Qendra Evropiane p\u00ebr Lirin\u00eb e Shtypit dhe Medias (ECPMF), Federata Evropiane e Gazetar\u00ebve (EFJ), Instituti Nd\u00ebrkomb\u00ebtar i Shtypit (IPI), OBC Transeuropa (OBCT), Rrjeti i SafeJournalists, Reporter\u00ebt pa Kufij (RSF) kan\u00eb vler\u00ebsuar mes tjerash edhe pavar\u00ebsin\u00eb e gjyqtar\u00ebve n\u00eb rast.<\/p>\n<p>\u201cOrganizatat tona e mir\u00ebpresin k\u00ebt\u00eb vendim t\u00eb r\u00ebnd\u00ebsish\u00ebm dhe vler\u00ebsojn\u00eb pavar\u00ebsin\u00eb e gjyqtar\u00ebve, t\u00eb cil\u00ebt vendos\u00ebn n\u00eb p\u00ebrputhje me standardet nd\u00ebrkomb\u00ebtare t\u00eb liris\u00eb s\u00eb medias. Tani i b\u00ebjm\u00eb thirrje qeveris\u00eb t\u00eb mos apeloj\u00eb vendimin dhe paralajm\u00ebrojm\u00eb se nj\u00eb veprim i till\u00eb do t\u00eb minonte kredencialet tashm\u00eb t\u00eb d\u00ebmtuara t\u00eb liris\u00eb s\u00eb shtypit\u201d.<\/p>\n<p>\u201c\u00c7do mbyllje p\u00ebrfundimtare e Klan Kosov\u00ebs nga qeveria do t\u2019i jepte goditjen m\u00eb t\u00eb madhe liris\u00eb s\u00eb shtypit dhe pluralizmit t\u00eb mediave n\u00eb Kosov\u00eb q\u00eb nga pavar\u00ebsia e vendit dhe do t\u00eb shkat\u00ebrronte besimin n\u00eb p\u00ebrparimin e vazhduesh\u00ebm, gj\u00eb q\u00eb u vu re nga organizatat tona n\u00eb fillim t\u00eb k\u00ebtij viti\u201d.<\/p>\n<p>K\u00ebto organizata, poashtu i kan\u00eb b\u00ebr\u00eb thirrje Komisionit t\u00eb Pavarur t\u00eb Mediave (KPM), rregullatorit t\u00eb mediave n\u00eb Kosov\u00eb, q\u00eb t\u00eb shtyj\u00eb \u00e7do vendim p\u00ebr licenc\u00ebn e transmetimit t\u00eb Klan Kosov\u00ebs derisa t\u00eb p\u00ebrfundojn\u00eb t\u00eb gjitha procedurat ligjore p\u00ebr k\u00ebt\u00eb \u00e7\u00ebshtje.<\/p>\n<p>Shtat\u00ebshja e organizatave t\u00eb huaja t\u00eb mediave nj\u00ebherit ka p\u00ebrmendur edhe bojkotin q\u00eb iu b\u00eb konferenc\u00ebs s\u00eb ministres s\u00eb Tregtis\u00eb, Industris\u00eb dhe Nd\u00ebrmarr\u00ebsis\u00eb, Rozeta Hajdari dit\u00eb m\u00eb par\u00eb nga gazetar\u00ebt n\u00eb shenj\u00eb solidariteti me Klan Kosov\u00ebn.<\/p>\n<p>\u201cP\u00ebr m\u00eb tep\u00ebr, ne p\u00ebrsh\u00ebndesim aktin e fundit t\u00eb solidaritetit me Klan Kosov\u00ebn, t\u00eb demonstruar nga pjesa m\u00eb e madhe e komunitetit mediatik t\u00eb vendit gjat\u00eb bojkotit t\u00eb konferenc\u00ebs p\u00ebr shtyp t\u00eb ministres Rozeta Hajdari. Aktet e fundit t\u00eb presionit nga zyrtar\u00ebt kund\u00ebr gazetar\u00ebve dhe aktivist\u00ebve q\u00eb mb\u00ebshtesin Klan Kosov\u00ebn vet\u00ebm sa ngren\u00eb pyetje t\u00eb m\u00ebtejshme rreth angazhimeve t\u00eb administrat\u00ebs p\u00ebr lirin\u00eb e medias\u201d.<\/p>\n<p>\u201cOrganizatat tona do t\u00eb vazhdojn\u00eb t\u00eb monitorojn\u00eb nga af\u00ebr dhe do t\u2019i p\u00ebrgjigjen zhvillimeve t\u00eb ardhshme q\u00eb p\u00ebrfshijn\u00eb Klan Kosova dhe do t\u00eb b\u00ebjn\u00eb thirrje p\u00ebr angazhim t\u00eb vazhduesh\u00ebm t\u00eb ambasadave per\u00ebndimore dhe organizatave nd\u00ebrkomb\u00ebtare n\u00eb k\u00ebt\u00eb \u00e7\u00ebshtje p\u00ebr t\u00eb siguruar q\u00eb p\u00ebrparimi pozitiv i Kosov\u00ebs n\u00eb lirin\u00eb e mediave t\u00eb mos i b\u00ebhet nj\u00eb goditje e r\u00ebnd\u00eb\u201d.<\/p>\n<p><strong>M\u00eb posht\u00eb i gjeni organizatatat e mediave q\u00eb e p\u00ebrsh\u00ebndet\u00ebn vendimin e sot\u00ebm p\u00ebr Klanin:<\/strong><\/p>\n<p>ARTICLE 19 Europe<\/p>\n<p>Qendra Evropiane p\u00ebr Lirin\u00eb e Shtypit dhe Medias (ECPMF)<\/p>\n<p>Federata Evropiane e Gazetar\u00ebve (EFJ)<\/p>\n<p>Instituti Nd\u00ebrkomb\u00ebtar i Shtypit (IPI)<\/p>\n<p>OBC Transeuropa (OBCT)<\/p>\n<p>Rrjeti i SafeJournalists<\/p>\n<p>Reporter\u00ebt pa Kufij (RSF)<\/p>\n","protected":false},"excerpt":{"rendered":"<p>Organizatat kryesore nd\u00ebrkomb\u00ebtare p\u00ebr lirin\u00eb e medias kan\u00eb mir\u00ebpritur vendimin e sot\u00ebm t\u00eb Gjykat\u00ebs Komerciale p\u00ebr shtyrjen e vendimit t\u00eb MINT rreth pezullimit t\u00eb cerfikat\u00ebs s\u00eb biznesit t\u00eb Klan Kosov\u00ebs. N\u00eb reagimin e shtat\u00eb organizatave theksohet se ky \u00ebsht\u00eb nj\u00eb vendim i r\u00ebnd\u00ebsish\u00ebm ligjor q\u00eb bllokon p\u00ebrpjekjen e qeveris\u00eb p\u00ebr t\u00eb mbyllur kanalin m\u00eb t\u00eb [&hellip;]<\/p>\n","protected":false},"author":2,"featured_media":675,"comment_status":"open","ping_status":"open","sticky":false,"template":"","format":"standard","meta":{"footnotes":""},"categories":[16,1],"tags":[],"_links":{"self":[{"href":"https:\/\/ditori.com\/index.php\/wp-json\/wp\/v2\/posts\/673"}],"collection":[{"href":"https:\/\/ditori.com\/index.php\/wp-json\/wp\/v2\/posts"}],"about":[{"href":"https:\/\/ditori.com\/index.php\/wp-json\/wp\/v2\/types\/post"}],"author":[{"embeddable":true,"href":"https:\/\/ditori.com\/index.php\/wp-json\/wp\/v2\/users\/2"}],"replies":[{"embeddable":true,"href":"https:\/\/ditori.com\/index.php\/wp-json\/wp\/v2\/comments?post=673"}],"version-history":[{"count":1,"href":"https:\/\/ditori.com\/index.php\/wp-json\/wp\/v2\/posts\/673\/revisions"}],"predecessor-version":[{"id":674,"href":"https:\/\/ditori.com\/index.php\/wp-json\/wp\/v2\/posts\/673\/revisions\/674"}],"wp:featuredmedia":[{"embeddable":true,"href":"https:\/\/ditori.com\/index.php\/wp-json\/wp\/v2\/media\/675"}],"wp:attachment":[{"href":"https:\/\/ditori.com\/index.php\/wp-json\/wp\/v2\/media?parent=673"}],"wp:term":[{"taxonomy":"category","embeddable":true,"href":"https:\/\/ditori.com\/index.php\/wp-json\/wp\/v2\/categories?post=673"},{"taxonomy":"post_tag","embeddable":true,"href":"https:\/\/ditori.com\/index.php\/wp-json\/wp\/v2\/tags?post=673"}],"curies":[{"name":"wp","href":"https:\/\/api.w.org\/{rel}","templated":true}]}}