{"id":635,"date":"2023-03-28T14:13:12","date_gmt":"2023-03-28T14:13:12","guid":{"rendered":"https:\/\/ditori.com\/?p=635"},"modified":"2023-03-28T14:13:12","modified_gmt":"2023-03-28T14:13:12","slug":"gjate-2-viteve-qeverisje-kurti-asnje-progres-ne-interes-te-qytetareve","status":"publish","type":"post","link":"https:\/\/ditori.com\/index.php\/2023\/03\/28\/gjate-2-viteve-qeverisje-kurti-asnje-progres-ne-interes-te-qytetareve\/","title":{"rendered":"&#8220;Gjat\u00eb 2 viteve qeverisje Kurti, asnj\u00eb progres n\u00eb interes t\u00eb qytetar\u00ebve&#8221;"},"content":{"rendered":"<p>Deputeti i Aleanc\u00ebs p\u00ebr Ardhm\u00ebrin\u00eb e Kosov\u00ebs, Pal Lekaj ka th\u00ebn\u00eb n\u00eb nj\u00eb konferenc\u00eb p\u00ebr media se gjat\u00eb 2 viteve qeverisje Kurti nuk \u00ebsht\u00eb sh\u00ebnuar asnj\u00eb progres n\u00eb interes t\u00eb qytetar\u00ebve<\/p>\n<p>\u201cN\u00ebse flasim p\u00ebr ekonomi, kemi nj\u00eb stagnim n\u00eb aspektin e zhvillimit ekonomik n\u00eb vend e cila ka v\u00ebshtir\u00ebsuar n\u00eb mas\u00eb t\u00eb madhe jet\u00ebn e qytetar\u00ebve. N\u00eb sektorin privat, paga minimale \u00ebsht\u00eb 170 euro e nd\u00ebrkaq Ligji p\u00ebr Pag\u00ebn Minimale vazhdon t\u00eb q\u00ebndroj\u00eb n\u00eb sirtar\u00ebt e Kuvendit. N\u00eb energji, e dim\u00eb gjith\u00eb se ZRrE ka marr\u00eb vendim p\u00ebr rritje t\u00eb \u00e7mimit t\u00eb energjis\u00eb elektrike p\u00ebr 15 p\u00ebrqind, vendim i cili v\u00ebshtir\u00ebson edhe m\u00eb tej mir\u00ebqenien n\u00eb vend\u201d, u shpreh Lekaj.<\/p>\n<p>Tutje, ai n\u00eb nj\u00eb konferenc\u00eb p\u00ebr media u shpreh se sa i p\u00ebrket politikave fiskale, sipas tij Qeveria ka d\u00ebshtuar edhe me mosdije por edhe me munges\u00eb t\u00eb veprimeve.<br \/>\nAi p\u00ebrmendi propozimin e grupit parlamentar t\u00eb AAK-s\u00eb p\u00ebr heqjen e TVSH-s\u00eb p\u00ebr produktet bazike p\u00ebr nj\u00eb periudh\u00eb 6 mujore, por e cila si\u00e7 tha ai nuk ka gjetur p\u00ebrkrahje nga Qeveria.<\/p>\n<p>Nd\u00ebr t\u00eb tjera, ai shtoi se ka stagnim edhe n\u00eb investime kapitale si dhe bllokim t\u00eb projekteve.<\/p>\n<p>\u201cKemi regres n\u00eb politik\u00eb t\u00eb Jashtme, asnj\u00eb njohje gjat\u00eb k\u00ebtij mandati. N\u00eb p\u00ebrgjith\u00ebsi mund t\u00eb them q\u00eb kjo qeveri do t\u00eb mbahet mend p\u00ebr mos shpenzimin e paras\u00eb publike. Deri m\u00eb tani vet\u00ebm rreth 20 p\u00ebrqind t\u00eb buxhetit jan\u00eb shfryt\u00ebzuar p\u00ebr investime publike e q\u00eb rrjeshimisht ndikon n\u00eb ekonomi sepse ulja e qarkullimit t\u00eb paras\u00eb publike po ndikon n\u00eb shtimin e kriz\u00ebs n\u00eb sektorin ekonomik dhe po rrezikon shum\u00eb kompani n\u00eb funksionimin e tyre dhe ruajtjen e numrit t\u00eb vendeve t\u00eb pun\u00ebs\u201d.<\/p>\n","protected":false},"excerpt":{"rendered":"<p>Deputeti i Aleanc\u00ebs p\u00ebr Ardhm\u00ebrin\u00eb e Kosov\u00ebs, Pal Lekaj ka th\u00ebn\u00eb n\u00eb nj\u00eb konferenc\u00eb p\u00ebr media se gjat\u00eb 2 viteve qeverisje Kurti nuk \u00ebsht\u00eb sh\u00ebnuar asnj\u00eb progres n\u00eb interes t\u00eb qytetar\u00ebve \u201cN\u00ebse flasim p\u00ebr ekonomi, kemi nj\u00eb stagnim n\u00eb aspektin e zhvillimit ekonomik n\u00eb vend e cila ka v\u00ebshtir\u00ebsuar n\u00eb mas\u00eb t\u00eb madhe jet\u00ebn e [&hellip;]<\/p>\n","protected":false},"author":2,"featured_media":525,"comment_status":"open","ping_status":"open","sticky":false,"template":"","format":"standard","meta":{"footnotes":""},"categories":[6,1],"tags":[],"_links":{"self":[{"href":"https:\/\/ditori.com\/index.php\/wp-json\/wp\/v2\/posts\/635"}],"collection":[{"href":"https:\/\/ditori.com\/index.php\/wp-json\/wp\/v2\/posts"}],"about":[{"href":"https:\/\/ditori.com\/index.php\/wp-json\/wp\/v2\/types\/post"}],"author":[{"embeddable":true,"href":"https:\/\/ditori.com\/index.php\/wp-json\/wp\/v2\/users\/2"}],"replies":[{"embeddable":true,"href":"https:\/\/ditori.com\/index.php\/wp-json\/wp\/v2\/comments?post=635"}],"version-history":[{"count":1,"href":"https:\/\/ditori.com\/index.php\/wp-json\/wp\/v2\/posts\/635\/revisions"}],"predecessor-version":[{"id":636,"href":"https:\/\/ditori.com\/index.php\/wp-json\/wp\/v2\/posts\/635\/revisions\/636"}],"wp:featuredmedia":[{"embeddable":true,"href":"https:\/\/ditori.com\/index.php\/wp-json\/wp\/v2\/media\/525"}],"wp:attachment":[{"href":"https:\/\/ditori.com\/index.php\/wp-json\/wp\/v2\/media?parent=635"}],"wp:term":[{"taxonomy":"category","embeddable":true,"href":"https:\/\/ditori.com\/index.php\/wp-json\/wp\/v2\/categories?post=635"},{"taxonomy":"post_tag","embeddable":true,"href":"https:\/\/ditori.com\/index.php\/wp-json\/wp\/v2\/tags?post=635"}],"curies":[{"name":"wp","href":"https:\/\/api.w.org\/{rel}","templated":true}]}}