{"id":575,"date":"2023-02-04T17:30:43","date_gmt":"2023-02-04T17:30:43","guid":{"rendered":"https:\/\/ditori.com\/?p=575"},"modified":"2023-02-04T17:31:14","modified_gmt":"2023-02-04T17:31:14","slug":"ererat-e-forta-rrezojne-shtylla-elektrike-ne-disa-rajone-te-kosoves","status":"publish","type":"post","link":"https:\/\/ditori.com\/index.php\/2023\/02\/04\/ererat-e-forta-rrezojne-shtylla-elektrike-ne-disa-rajone-te-kosoves\/","title":{"rendered":"Er\u00ebrat e forta rr\u00ebzojn\u00eb shtylla elektrike n\u00eb disa rajone t\u00eb Kosov\u00ebs"},"content":{"rendered":"<p>Er\u00ebrat e forta q\u00eb kapluan disa rajone t\u00eb vendit k\u00ebt\u00eb t\u00eb shtun\u00eb kan\u00eb shkaktuar d\u00ebme n\u00eb p\u00ebr\u00e7uesit elektrik\u00eb dhe n\u00eb shtyllat elektrike.<\/p>\n<p>Kompania Kosovare p\u00ebr Distribuim me Energji Elektrike (KEDS) b\u00ebri t\u00eb ditur se rajonet m\u00eb t\u00eb prekura n\u00eb er\u00ebrat e forta jan\u00eb Ferizaj, Prishtina, Mitrovica dhe Peja.<\/p>\n<p>KEDS n\u00ebp\u00ebrmjet nj\u00eb njoftimi ka b\u00ebr\u00eb t\u00eb ditur se ekipet jan\u00eb duke punuar n\u00eb terren p\u00ebr sanimin e d\u00ebmeve teksa kan\u00eb k\u00ebrkuar mir\u00ebkuptimin e konsumator\u00ebve.<\/p>\n<p>\u201cEkipet e terrenit t\u00eb KEDS-it ndodhen n\u00eb vendngjarje t\u00eb prishjeve dhe po punojn\u00eb intensivisht deri n\u00eb sanimin e d\u00ebmeve t\u00eb shkaktuara n\u00eb rrjet. KEDS-i k\u00ebrkon mir\u00ebkuptimin e konsumator\u00ebve tan\u00eb dhe i siguron se prishjet n\u00eb rrjet si shkak i er\u00ebrave do t\u00eb ndreqen sa m\u00eb shpejt q\u00eb \u00ebsht\u00eb e mundur\u201d thuhet n\u00eb njoftimin e KEDS-it.<\/p>\n","protected":false},"excerpt":{"rendered":"<p>Er\u00ebrat e forta q\u00eb kapluan disa rajone t\u00eb vendit k\u00ebt\u00eb t\u00eb shtun\u00eb kan\u00eb shkaktuar d\u00ebme n\u00eb p\u00ebr\u00e7uesit elektrik\u00eb dhe n\u00eb shtyllat elektrike. Kompania Kosovare p\u00ebr Distribuim me Energji Elektrike (KEDS) b\u00ebri t\u00eb ditur se rajonet m\u00eb t\u00eb prekura n\u00eb er\u00ebrat e forta jan\u00eb Ferizaj, Prishtina, Mitrovica dhe Peja. KEDS n\u00ebp\u00ebrmjet nj\u00eb njoftimi ka b\u00ebr\u00eb t\u00eb [&hellip;]<\/p>\n","protected":false},"author":2,"featured_media":576,"comment_status":"open","ping_status":"open","sticky":false,"template":"","format":"standard","meta":{"footnotes":""},"categories":[1],"tags":[],"_links":{"self":[{"href":"https:\/\/ditori.com\/index.php\/wp-json\/wp\/v2\/posts\/575"}],"collection":[{"href":"https:\/\/ditori.com\/index.php\/wp-json\/wp\/v2\/posts"}],"about":[{"href":"https:\/\/ditori.com\/index.php\/wp-json\/wp\/v2\/types\/post"}],"author":[{"embeddable":true,"href":"https:\/\/ditori.com\/index.php\/wp-json\/wp\/v2\/users\/2"}],"replies":[{"embeddable":true,"href":"https:\/\/ditori.com\/index.php\/wp-json\/wp\/v2\/comments?post=575"}],"version-history":[{"count":2,"href":"https:\/\/ditori.com\/index.php\/wp-json\/wp\/v2\/posts\/575\/revisions"}],"predecessor-version":[{"id":578,"href":"https:\/\/ditori.com\/index.php\/wp-json\/wp\/v2\/posts\/575\/revisions\/578"}],"wp:featuredmedia":[{"embeddable":true,"href":"https:\/\/ditori.com\/index.php\/wp-json\/wp\/v2\/media\/576"}],"wp:attachment":[{"href":"https:\/\/ditori.com\/index.php\/wp-json\/wp\/v2\/media?parent=575"}],"wp:term":[{"taxonomy":"category","embeddable":true,"href":"https:\/\/ditori.com\/index.php\/wp-json\/wp\/v2\/categories?post=575"},{"taxonomy":"post_tag","embeddable":true,"href":"https:\/\/ditori.com\/index.php\/wp-json\/wp\/v2\/tags?post=575"}],"curies":[{"name":"wp","href":"https:\/\/api.w.org\/{rel}","templated":true}]}}