{"id":464,"date":"2023-01-23T21:56:30","date_gmt":"2023-01-23T21:56:30","guid":{"rendered":"https:\/\/ditori.com\/?p=464"},"modified":"2023-01-23T21:56:30","modified_gmt":"2023-01-23T21:56:30","slug":"vazhdojne-reshjet-e-shiut-rrezik-per-vershime-ne-veri-e-veriperendim-te-vendit","status":"publish","type":"post","link":"https:\/\/ditori.com\/index.php\/2023\/01\/23\/vazhdojne-reshjet-e-shiut-rrezik-per-vershime-ne-veri-e-veriperendim-te-vendit\/","title":{"rendered":"Vazhdojn\u00eb reshjet e shiut, rrezik p\u00ebr v\u00ebrshime n\u00eb veri e veriper\u00ebndim t\u00eb vendit"},"content":{"rendered":"<p><strong>Reshjet e shiut q\u00eb shkaktuan v\u00ebrshime n\u00eb Kosov\u00eb gjat\u00eb jav\u00ebs s\u00eb kaluar, jan\u00eb rikthyer k\u00ebt\u00eb t\u00eb h\u00ebn\u00eb dhe pritet t\u00eb vazhdojn\u00eb s\u00eb paku edhe t\u00eb mart\u00ebn.<\/strong><\/p>\n<p>Sipas Institutit Hidrometeorologjik t\u00eb Kosov\u00ebs, reshje n\u00eb intensitet t\u00eb lart\u00eb do vazhdojn\u00eb p\u00ebr k\u00ebto dy dit\u00eb e pritet t\u00eb qet\u00ebsohen n\u00eb dit\u00ebt tjera.<\/p>\n<p>Si pasoj\u00eb e k\u00ebsaj, Bashkim Kastrati nga ky Institut, p\u00ebr\u00a0televizionin Dukagjini, ka b\u00ebr\u00eb t\u00eb ditur se cilat rajone t\u00eb Kosov\u00ebs jan\u00eb m\u00eb t\u00eb rrezikuara nga v\u00ebrshimet.<\/p>\n<p>\u201cEdhe gjat\u00eb dit\u00ebve n\u00eb vijim planifikohet q\u00eb do t\u00eb ket\u00eb reshje, sot e nes\u00ebr. Fatkeq\u00ebsisht duke pasur parasysh q\u00eb nivelet e lumenjve kan\u00eb qen\u00eb t\u00eb larta gjat\u00eb v\u00ebrshimeve duhet t\u00eb kemi kujdes pasi mund t\u00eb ket\u00eb s\u00ebrish v\u00ebsht\u00ebrsi n\u00eb disa zona. Sasia e reshjeve pritet t\u00eb jet\u00eb m\u00eb e lart\u00eb n\u00eb pjes\u00ebn veriore dhe veriper\u00ebndimore t\u00eb Kosov\u00eb, por reshje do t\u00eb ket\u00eb edhe n\u00eb pellgjet t\u00eb tjera lumore\u201d, deklaroi Kastrati.<\/p>\n<p>Nj\u00eb nga zonat q\u00eb ishte e prekur nga v\u00ebrshimet e s\u00eb enjtes ishte edhe Komuna e De\u00e7anit.<\/p>\n<p>Nga kjo komun\u00eb thon\u00eb t\u00eb ken\u00eb b\u00ebr\u00eb intervenime n\u00eb disa pika m\u00eb t\u00eb rrezikuara derisa shtojn\u00eb se kan\u00eb nj\u00eb vler\u00eb t\u00eb p\u00ebraf\u00ebrt t\u00eb d\u00ebmeve.<\/p>\n<p>Izet Zenuni, drejtor p\u00ebr Mbrojtje, Shp\u00ebtim dhe Sh\u00ebrbime Publike n\u00eb komun\u00ebn e De\u00e7anit ka th\u00ebn\u00eb se masat e marra, kan\u00eb zbutur situat\u00ebn k\u00ebsaj radhe.<\/p>\n<p>\u201c\u00cbsht\u00eb intervenuar te Baballoqi dhe kemi pasur d\u00ebme m\u00eb pak k\u00ebt\u00eb her\u00eb. Jemi n\u00eb proces t\u00eb vler\u00ebsimit t\u00eb d\u00ebmeve dhe jemi gati n\u00eb p\u00ebrfundim t\u00eb raportit. P\u00ebraf\u00ebrsisht vlera e d\u00ebmeve nga k\u00ebto v\u00ebrshime mund t\u00eb shkoj n\u00eb gjysm\u00eb milioni euro\u201d.<\/p>\n<p>Komunat me t\u00eb d\u00ebmtuara nga v\u00ebrshimet e jav\u00ebs s\u00eb kaluar ishin: Skenderaji, Mitrovica, Klina e Istogu.<\/p>\n<p>Temperaturat priten t\u00eb ul\u00ebn n\u00eb fund t\u00eb k\u00ebsaj jave, sipas Institutit Hidrometeorologjik t\u00eb Kosov\u00ebs n\u00eb disa zona mund t\u00eb ket\u00eb edhe bor\u00eb.<\/p>\n","protected":false},"excerpt":{"rendered":"<p>Reshjet e shiut q\u00eb shkaktuan v\u00ebrshime n\u00eb Kosov\u00eb gjat\u00eb jav\u00ebs s\u00eb kaluar, jan\u00eb rikthyer k\u00ebt\u00eb t\u00eb h\u00ebn\u00eb dhe pritet t\u00eb vazhdojn\u00eb s\u00eb paku edhe t\u00eb mart\u00ebn. Sipas Institutit Hidrometeorologjik t\u00eb Kosov\u00ebs, reshje n\u00eb intensitet t\u00eb lart\u00eb do vazhdojn\u00eb p\u00ebr k\u00ebto dy dit\u00eb e pritet t\u00eb qet\u00ebsohen n\u00eb dit\u00ebt tjera. Si pasoj\u00eb e k\u00ebsaj, Bashkim Kastrati [&hellip;]<\/p>\n","protected":false},"author":2,"featured_media":424,"comment_status":"open","ping_status":"open","sticky":false,"template":"","format":"standard","meta":{"footnotes":""},"categories":[1],"tags":[],"_links":{"self":[{"href":"https:\/\/ditori.com\/index.php\/wp-json\/wp\/v2\/posts\/464"}],"collection":[{"href":"https:\/\/ditori.com\/index.php\/wp-json\/wp\/v2\/posts"}],"about":[{"href":"https:\/\/ditori.com\/index.php\/wp-json\/wp\/v2\/types\/post"}],"author":[{"embeddable":true,"href":"https:\/\/ditori.com\/index.php\/wp-json\/wp\/v2\/users\/2"}],"replies":[{"embeddable":true,"href":"https:\/\/ditori.com\/index.php\/wp-json\/wp\/v2\/comments?post=464"}],"version-history":[{"count":1,"href":"https:\/\/ditori.com\/index.php\/wp-json\/wp\/v2\/posts\/464\/revisions"}],"predecessor-version":[{"id":467,"href":"https:\/\/ditori.com\/index.php\/wp-json\/wp\/v2\/posts\/464\/revisions\/467"}],"wp:featuredmedia":[{"embeddable":true,"href":"https:\/\/ditori.com\/index.php\/wp-json\/wp\/v2\/media\/424"}],"wp:attachment":[{"href":"https:\/\/ditori.com\/index.php\/wp-json\/wp\/v2\/media?parent=464"}],"wp:term":[{"taxonomy":"category","embeddable":true,"href":"https:\/\/ditori.com\/index.php\/wp-json\/wp\/v2\/categories?post=464"},{"taxonomy":"post_tag","embeddable":true,"href":"https:\/\/ditori.com\/index.php\/wp-json\/wp\/v2\/tags?post=464"}],"curies":[{"name":"wp","href":"https:\/\/api.w.org\/{rel}","templated":true}]}}