{"id":2986,"date":"2026-04-04T17:21:10","date_gmt":"2026-04-04T17:21:10","guid":{"rendered":"https:\/\/ditori.com\/?p=2986"},"modified":"2026-04-04T17:21:10","modified_gmt":"2026-04-04T17:21:10","slug":"nga-protestat-ne-rruge-me-vetevendosjen-deri-te-presidenca-rrugetimi-16-vjecar-i-albulena-haxhiut-ne-politike","status":"publish","type":"post","link":"https:\/\/ditori.com\/index.php\/2026\/04\/04\/nga-protestat-ne-rruge-me-vetevendosjen-deri-te-presidenca-rrugetimi-16-vjecar-i-albulena-haxhiut-ne-politike\/","title":{"rendered":"Nga protestat n\u00eb rrug\u00eb me Vet\u00ebvendosjen deri te Presidenca, rrug\u00ebtimi 16 vje\u00e7ar i Albulena Haxhiut n\u00eb politik\u00eb"},"content":{"rendered":"<p><strong>Aktiviste politike, deputete, ministre e kryetare e Kuvendit \u2013 ky \u00ebsht\u00eb rrug\u00ebtimi 16-vje\u00e7ar i Albulena Haxhiut, e cila nga 4 prilli \u00ebsht\u00eb edhe ushtruese e detyr\u00ebs s\u00eb presidentit, p\u00ebr shkak t\u00eb skadimit t\u00eb mandatit t\u00eb presidentes s\u00eb deritashme, Vjosa Osmanit.<\/strong><\/p>\n<p>Haxhiu, 38-vje\u00e7are, do t\u00eb jet\u00eb n\u00eb krye t\u00eb shtetit, derisa p\u00ebr deputet\u00ebt e legjislatur\u00ebs s\u00eb 10-t\u00eb po rrjedh afati kushtetues \u2013 deri m\u00eb 28 prill \u2013 q\u00eb ta zgjedhin presidentin e ri.<\/p>\n<p>N\u00eb t\u00eb kund\u00ebrt\u00ebn, vendi duhet t\u2019i mbaj\u00eb zgjedhjet e parakohshme brenda 45 dit\u00ebsh.<\/p>\n<p>Sipas Kushtetut\u00ebs, pozita e ushtruesit t\u00eb detyr\u00ebs s\u00eb presidentit, \u201cnuk mund t\u00eb ushtrohet p\u00ebr nj\u00eb periudh\u00eb m\u00eb t\u00eb gjat\u00eb se gjasht\u00eb muaj\u201d.<\/p>\n<p>Pasi e pranoi detyr\u00ebn pasdit\u00ebn e 4 prillit nga presidentja e deritanishme, Haxhiu tha se \u00ebsht\u00eb e vet\u00ebdijshme p\u00ebr p\u00ebrgjegj\u00ebsit\u00eb kushtetuese q\u00eb sjell\u00eb kjo detyr\u00eb, megjith\u00ebse p\u00ebrkoh\u00ebsisht p\u00ebr t\u00eb.<\/p>\n<p>\u201cUn\u00eb e kuptoj p\u00ebrgjegj\u00ebsin\u00eb dhe obligimet kushtetuese dhe zotohem se do t\u00eb veproj n\u00eb p\u00ebrputhje me Kushtetut\u00ebn dhe legjislacionin n\u00eb fuqi\u201d, tha Haxhiu teksa e pranoi detyr\u00ebn.<\/p>\n<p>Albulena Haxhiu \u00ebsht\u00eb pjes\u00eb e partis\u00eb n\u00eb pushtet, L\u00ebvizjes Vet\u00ebvendosje (LVV), nd\u00ebrsa kryetare e Kuvendit \u00ebsht\u00eb zgjedhur m\u00eb 11 shkurt, dit\u00ebn kur \u00ebsht\u00eb formuar edhe Qeveria e re.<\/p>\n<p>Ngjitja e saj n\u00eb k\u00ebt\u00eb pozit\u00eb nuk ka qen\u00eb proces i leht\u00eb. Ajo \u00ebsht\u00eb propozuar p\u00ebr kryeparlamentare mbi 50 her\u00eb pas zgjedhjeve parlamentare t\u00eb 9 shkurtit t\u00eb vitit 2025, mir\u00ebpo nuk i ka siguruar asnj\u00ebher\u00eb votat e nevojshme.<\/p>\n<p>Megjithat\u00eb, p\u00ebr disa muaj ajo e ushtroi pozit\u00ebn e n\u00ebnkryetares, deri n\u00eb shpalljen e zgjedhjeve t\u00eb parakohshme t\u00eb 28 dhjetorit 2025.<\/p>\n<p><strong>Si njihet Haxhiu?<\/strong><\/p>\n<p>Me t\u2019iu bashkuar L\u00ebvizjes Vet\u00ebvendosje, Haxhiu \u00ebsht\u00eb zgjedhur deputete e legjislatur\u00ebs s\u00eb kat\u00ebrt t\u00eb Kuvendit t\u00eb Kosov\u00ebs n\u00eb periudh\u00ebn 2011- 2014.<\/p>\n<p>Ajo ka qen\u00eb deputete shtat\u00eb her\u00eb radhazi, derisa n\u00eb kat\u00ebr legjislaturat e fundit \u00ebsht\u00eb em\u00ebruar n\u00eb pozita tjera: ministre, n\u00ebnkryetare e Kuvendit dhe kryekuvendare.<\/p>\n<p>Si deputete, ajo e ka udh\u00ebhequr p\u00ebr dy mandate Komisionin p\u00ebr Legjislacion, Mandate, Imunitete, Rregulloren e Kuvendit dhe mbik\u00ebqyrjen e Agjencis\u00eb kund\u00ebr Korrupsionit.<\/p>\n<p>M\u00eb 2020, Haxhiu \u00ebsht\u00eb em\u00ebruar ministre e Drejt\u00ebsis\u00eb, dhe \u00ebsht\u00eb riem\u00ebruar n\u00eb at\u00eb pozit\u00eb edhe n\u00eb Qeverin\u00eb e radh\u00ebs t\u00eb formuar m\u00eb 2021.<\/p>\n<p>N\u00eb zgjedhjet parlamentare t\u00eb 9 shkurtit dhe 28 dhjetorit 2025, ajo ishte gruaja m\u00eb e votuar \u2013 n\u00eb procesin e par\u00eb zgjedhor i fitoi mbi 125 mij\u00eb vota, n\u00eb t\u00eb dytin mbi 174 mij\u00eb sosh.<\/p>\n<p><strong>Nga protestat n\u00eb rrug\u00eb deri te Presidenca<\/strong><\/p>\n<p>Sa ka qen\u00eb n\u00eb opozit\u00eb, Haxhiu \u00ebsht\u00eb par\u00eb pothuajse gjithmon\u00eb n\u00eb ball\u00eb t\u00eb protestave t\u00eb L\u00ebvizjes Vet\u00ebvendosje, p\u00ebr \u00e7ka \u00ebsht\u00eb arrestuar disa her\u00eb.<\/p>\n<p>M\u00eb 2018, pas nj\u00eb procesi disavje\u00e7ar, Haxhiu \u00ebsht\u00eb d\u00ebnuar me kusht nga Gjykata Themelore n\u00eb Prishtin\u00eb p\u00ebr hedhje t\u00eb gazit lotsjell\u00ebs e pengim t\u00eb personit zyrtar, veprime t\u00eb cil\u00ebt ajo dhe deputet\u00eb tjer\u00eb t\u00eb L\u00ebvizjes Vet\u00ebvendosje i nd\u00ebrmor\u00ebn p\u00ebr ta penguar ratifikimin e Marr\u00ebveshjes s\u00eb demarkacionit me Malin e Zi dhe Marr\u00ebveshjen p\u00ebr Asociacionin e komunave me shumic\u00eb serbe.<\/p>\n<p>Ajo u p\u00ebrfshi n\u00eb tensione edhe n\u00eb korrik t\u00eb vitit 2023 sa ishte ministre e Drejt\u00ebsis\u00eb.<\/p>\n<p>P\u00ebrgjat\u00eb nj\u00eb seance t\u00eb Kuvendit, Haxhiu p\u00ebrplas fizikisht me deputetin e Partis\u00eb Demokratike t\u00eb Kosov\u00ebs, M\u00ebrgim Lushtakun, i cili gjuajti me uj\u00eb kryeministrin e Kosov\u00ebs, Albin Kurti, teksa po fliste n\u00eb foltore.<\/p>\n<p>M\u00eb her\u00ebt gjat\u00eb vitit, Gjykata Themelore n\u00eb Prishtin\u00eb e ka refuzuar nj\u00eb aktakuz\u00eb ndaj Haxhiut, dhe disa ish-deputet\u00ebve tjer\u00eb, t\u00eb cil\u00ebt akuzoheshin p\u00ebr posedim t\u00eb gazit lotsjell\u00ebs n\u00eb Kuvendin e Kosov\u00ebs m\u00eb 2016, duke i dh\u00ebn\u00eb fund nj\u00eb procesi t\u00eb gjat\u00eb gjyq\u00ebsor.<\/p>\n<p>Ushtruesja e detyr\u00ebs s\u00eb presidentit \u00ebsht\u00eb e lindur m\u00eb 11 maj 1987 n\u00eb Prishtin\u00eb.<\/p>\n<p>Studimet i ka p\u00ebrfunduar n\u00eb Fakultetin Juridik t\u00eb Universitetit t\u00eb Prishtin\u00ebs dhe n\u00eb Universitetin e Evrop\u00ebs Juglindore, n\u00eb drejtimin e t\u00eb drejt\u00ebs penale.<\/p>\n<p>Haxhiu \u00ebsht\u00eb e martuar me ish-an\u00ebtarin e LVV-s\u00eb n\u00eb Komisionin Qendror t\u00eb Zgjedhjeve (KQZ), Alban Krasniqin, dhe i ka tre f\u00ebmij\u00eb.\/<a href=\"https:\/\/www.evropaelire.org\/a\/kush-eshte-albulena-haxhiu\/33723287.html?fbclid=IwY2xjawQ-CWxleHRuA2FlbQIxMQBzcnRjBmFwcF9pZBAyMjIwMzkxNzg4MjAwODkyAAEelpl4uHur2gkNoXI1Mvg31qa7CM5AGJtNnzB2pA2UMfvyIcs6pGxU4W_lhLo_aem_CnBHlNoVlF2nSxLmjMQ2uA\">Radio Evropa e Lir\u00eb\/<\/a><\/p>\n","protected":false},"excerpt":{"rendered":"<p>Aktiviste politike, deputete, ministre e kryetare e Kuvendit \u2013 ky \u00ebsht\u00eb rrug\u00ebtimi 16-vje\u00e7ar i Albulena Haxhiut, e cila nga 4 prilli \u00ebsht\u00eb edhe ushtruese e detyr\u00ebs s\u00eb presidentit, p\u00ebr shkak t\u00eb skadimit t\u00eb mandatit t\u00eb presidentes s\u00eb deritashme, Vjosa Osmanit. Haxhiu, 38-vje\u00e7are, do t\u00eb jet\u00eb n\u00eb krye t\u00eb shtetit, derisa p\u00ebr deputet\u00ebt e legjislatur\u00ebs s\u00eb [&hellip;]<\/p>\n","protected":false},"author":2,"featured_media":1319,"comment_status":"closed","ping_status":"open","sticky":false,"template":"","format":"standard","meta":{"footnotes":""},"categories":[6,1],"tags":[],"_links":{"self":[{"href":"https:\/\/ditori.com\/index.php\/wp-json\/wp\/v2\/posts\/2986"}],"collection":[{"href":"https:\/\/ditori.com\/index.php\/wp-json\/wp\/v2\/posts"}],"about":[{"href":"https:\/\/ditori.com\/index.php\/wp-json\/wp\/v2\/types\/post"}],"author":[{"embeddable":true,"href":"https:\/\/ditori.com\/index.php\/wp-json\/wp\/v2\/users\/2"}],"replies":[{"embeddable":true,"href":"https:\/\/ditori.com\/index.php\/wp-json\/wp\/v2\/comments?post=2986"}],"version-history":[{"count":1,"href":"https:\/\/ditori.com\/index.php\/wp-json\/wp\/v2\/posts\/2986\/revisions"}],"predecessor-version":[{"id":2987,"href":"https:\/\/ditori.com\/index.php\/wp-json\/wp\/v2\/posts\/2986\/revisions\/2987"}],"wp:featuredmedia":[{"embeddable":true,"href":"https:\/\/ditori.com\/index.php\/wp-json\/wp\/v2\/media\/1319"}],"wp:attachment":[{"href":"https:\/\/ditori.com\/index.php\/wp-json\/wp\/v2\/media?parent=2986"}],"wp:term":[{"taxonomy":"category","embeddable":true,"href":"https:\/\/ditori.com\/index.php\/wp-json\/wp\/v2\/categories?post=2986"},{"taxonomy":"post_tag","embeddable":true,"href":"https:\/\/ditori.com\/index.php\/wp-json\/wp\/v2\/tags?post=2986"}],"curies":[{"name":"wp","href":"https:\/\/api.w.org\/{rel}","templated":true}]}}