{"id":2983,"date":"2026-04-04T17:14:17","date_gmt":"2026-04-04T17:14:17","guid":{"rendered":"https:\/\/ditori.com\/?p=2983"},"modified":"2026-04-04T17:14:17","modified_gmt":"2026-04-04T17:14:17","slug":"fundi-i-mandatit-te-osmanit-deputetja-britanike-gabim-te-humbet-nje-lider-i-kalibrit-te-saj-ne-kohe-jostabiliteti","status":"publish","type":"post","link":"https:\/\/ditori.com\/index.php\/2026\/04\/04\/fundi-i-mandatit-te-osmanit-deputetja-britanike-gabim-te-humbet-nje-lider-i-kalibrit-te-saj-ne-kohe-jostabiliteti\/","title":{"rendered":"Fundi i mandatit t\u00eb Osmanit, deputetja britanike: Gabim t\u00eb humbet nj\u00eb lider i kalibrit t\u00eb saj n\u00eb koh\u00eb jostabiliteti"},"content":{"rendered":"<p>Deputetja britanike, Alicia Kearns, ka shkruar p\u00ebr pun\u00ebn e presidentes Vjosa Osmani, e cila p\u00ebrfundoi sot mandatin e saj pes\u00ebvje\u00e7ar.<\/p>\n<p>Kearns, duke lavd\u00ebruar pun\u00ebn e Osmanit, tha se \u00ebsht\u00eb koh\u00eb e gabuar p\u00ebr humbjen e nj\u00eb lidereje t\u00eb kalibrit t\u00eb saj.<\/p>\n<p>\u201cSot, Presidentja Vjosa Osmani p\u00ebrfundon mandatin e saj. Ajo i dha Kosov\u00ebs nj\u00eb z\u00eb t\u00eb respektuar dhe e ngriti pozit\u00ebn e saj n\u00eb aren\u00ebn nd\u00ebrkomb\u00ebtare. Mbi t\u00eb gjitha, ajo mbrojti kauz\u00ebn e vendit t\u00eb saj me aft\u00ebsi t\u00eb jasht\u00ebzakonshme dhe me nj\u00eb dashuri t\u00eb madhe p\u00ebr njer\u00ebzit q\u00eb i sh\u00ebrbeu. Zemra e saj reflektohej n\u00eb gjith\u00e7ka q\u00eb b\u00ebnte. N\u00eb nj\u00eb moment t\u00eb paq\u00ebndrueshm\u00ebris\u00eb s\u00eb theksuar n\u00eb Ballkanin Per\u00ebndimor, kjo \u00ebsht\u00eb pik\u00ebrisht koha e gabuar p\u00ebr t\u00eb humbur nj\u00eb lidere t\u00eb kalibrit t\u00eb saj. Kosova ka nevoj\u00eb p\u00ebr vendosm\u00ebrin\u00eb dhe aft\u00ebsin\u00eb p\u00ebr t\u00eb nd\u00ebrtuar ura q\u00eb ajo demonstroi. I uroj Presidentes Osmani \u00e7do sukses n\u00eb t\u00eb ardhmen\u201d, ka shkruar ajo.<\/p>\n<div class=\"twitter-tweet twitter-tweet-rendered\"><iframe id=\"twitter-widget-0\" class=\"\" title=\"X Post\" src=\"https:\/\/platform.twitter.com\/embed\/Tweet.html?creatorScreenName=gazetaexpress&amp;dnt=false&amp;embedId=twitter-widget-0&amp;features=eyJ0ZndfdGltZWxpbmVfbGlzdCI6eyJidWNrZXQiOltdLCJ2ZXJzaW9uIjpudWxsfSwidGZ3X2ZvbGxvd2VyX2NvdW50X3N1bnNldCI6eyJidWNrZXQiOnRydWUsInZlcnNpb24iOm51bGx9LCJ0ZndfdHdlZXRfZWRpdF9iYWNrZW5kIjp7ImJ1Y2tldCI6Im9uIiwidmVyc2lvbiI6bnVsbH0sInRmd19yZWZzcmNfc2Vzc2lvbiI6eyJidWNrZXQiOiJvbiIsInZlcnNpb24iOm51bGx9LCJ0ZndfZm9zbnJfc29mdF9pbnRlcnZlbnRpb25zX2VuYWJsZWQiOnsiYnVja2V0Ijoib24iLCJ2ZXJzaW9uIjpudWxsfSwidGZ3X21peGVkX21lZGlhXzE1ODk3Ijp7ImJ1Y2tldCI6InRyZWF0bWVudCIsInZlcnNpb24iOm51bGx9LCJ0ZndfZXhwZXJpbWVudHNfY29va2llX2V4cGlyYXRpb24iOnsiYnVja2V0IjoxMjA5NjAwLCJ2ZXJzaW9uIjpudWxsfSwidGZ3X3Nob3dfYmlyZHdhdGNoX3Bpdm90c19lbmFibGVkIjp7ImJ1Y2tldCI6Im9uIiwidmVyc2lvbiI6bnVsbH0sInRmd19kdXBsaWNhdGVfc2NyaWJlc190b19zZXR0aW5ncyI6eyJidWNrZXQiOiJvbiIsInZlcnNpb24iOm51bGx9LCJ0ZndfdXNlX3Byb2ZpbGVfaW1hZ2Vfc2hhcGVfZW5hYmxlZCI6eyJidWNrZXQiOiJvbiIsInZlcnNpb24iOm51bGx9LCJ0ZndfdmlkZW9faGxzX2R5bmFtaWNfbWFuaWZlc3RzXzE1MDgyIjp7ImJ1Y2tldCI6InRydWVfYml0cmF0ZSIsInZlcnNpb24iOm51bGx9LCJ0ZndfbGVnYWN5X3RpbWVsaW5lX3N1bnNldCI6eyJidWNrZXQiOnRydWUsInZlcnNpb24iOm51bGx9LCJ0ZndfdHdlZXRfZWRpdF9mcm9udGVuZCI6eyJidWNrZXQiOiJvbiIsInZlcnNpb24iOm51bGx9fQ%3D%3D&amp;frame=false&amp;hideCard=false&amp;hideThread=false&amp;id=2040458891025150070&amp;lang=en&amp;maxWidth=560px&amp;origin=https%3A%2F%2Fwww.gazetaexpress.com%2Ffundi-i-mandatit-te-osmanit1-deputetja-britanike-gabim-te-humbet-nje-lider-i-kalibrit-te-saj-ne-kohe-jostabiliteti%2F&amp;sessionId=57d6fe1c09734a8bf3b266a2a1a0459e4a19c641&amp;siteScreenName=gazetaexpress&amp;theme=light&amp;widgetsVersion=2615f7e52b7e0%3A1702314776716&amp;width=550px\" frameborder=\"0\" scrolling=\"no\" allowfullscreen=\"allowfullscreen\" data-tweet-id=\"2040458891025150070\" data-mce-fragment=\"1\"><\/iframe><\/div>\n","protected":false},"excerpt":{"rendered":"<p>Deputetja britanike, Alicia Kearns, ka shkruar p\u00ebr pun\u00ebn e presidentes Vjosa Osmani, e cila p\u00ebrfundoi sot mandatin e saj pes\u00ebvje\u00e7ar. Kearns, duke lavd\u00ebruar pun\u00ebn e Osmanit, tha se \u00ebsht\u00eb koh\u00eb e gabuar p\u00ebr humbjen e nj\u00eb lidereje t\u00eb kalibrit t\u00eb saj. \u201cSot, Presidentja Vjosa Osmani p\u00ebrfundon mandatin e saj. Ajo i dha Kosov\u00ebs nj\u00eb z\u00eb [&hellip;]<\/p>\n","protected":false},"author":2,"featured_media":2984,"comment_status":"closed","ping_status":"open","sticky":false,"template":"","format":"standard","meta":{"footnotes":""},"categories":[6,1],"tags":[],"_links":{"self":[{"href":"https:\/\/ditori.com\/index.php\/wp-json\/wp\/v2\/posts\/2983"}],"collection":[{"href":"https:\/\/ditori.com\/index.php\/wp-json\/wp\/v2\/posts"}],"about":[{"href":"https:\/\/ditori.com\/index.php\/wp-json\/wp\/v2\/types\/post"}],"author":[{"embeddable":true,"href":"https:\/\/ditori.com\/index.php\/wp-json\/wp\/v2\/users\/2"}],"replies":[{"embeddable":true,"href":"https:\/\/ditori.com\/index.php\/wp-json\/wp\/v2\/comments?post=2983"}],"version-history":[{"count":1,"href":"https:\/\/ditori.com\/index.php\/wp-json\/wp\/v2\/posts\/2983\/revisions"}],"predecessor-version":[{"id":2985,"href":"https:\/\/ditori.com\/index.php\/wp-json\/wp\/v2\/posts\/2983\/revisions\/2985"}],"wp:featuredmedia":[{"embeddable":true,"href":"https:\/\/ditori.com\/index.php\/wp-json\/wp\/v2\/media\/2984"}],"wp:attachment":[{"href":"https:\/\/ditori.com\/index.php\/wp-json\/wp\/v2\/media?parent=2983"}],"wp:term":[{"taxonomy":"category","embeddable":true,"href":"https:\/\/ditori.com\/index.php\/wp-json\/wp\/v2\/categories?post=2983"},{"taxonomy":"post_tag","embeddable":true,"href":"https:\/\/ditori.com\/index.php\/wp-json\/wp\/v2\/tags?post=2983"}],"curies":[{"name":"wp","href":"https:\/\/api.w.org\/{rel}","templated":true}]}}