{"id":2816,"date":"2026-03-16T13:18:03","date_gmt":"2026-03-16T13:18:03","guid":{"rendered":"https:\/\/ditori.com\/?p=2816"},"modified":"2026-03-16T13:18:03","modified_gmt":"2026-03-16T13:18:03","slug":"rama-skam-dashur-kurre-te-nderhyj-ne-politiken-e-kosoves","status":"publish","type":"post","link":"https:\/\/ditori.com\/index.php\/2026\/03\/16\/rama-skam-dashur-kurre-te-nderhyj-ne-politiken-e-kosoves\/","title":{"rendered":"Rama: S\u2019kam dashur kurr\u00eb t\u00eb nd\u00ebrhyj n\u00eb politik\u00ebn e Kosov\u00ebs"},"content":{"rendered":"<p>Kryeministri i Shqip\u00ebris\u00eb, Edi Rama, \u00ebsht\u00eb deklaruar i prer\u00eb se nuk ka mbajtur kurr\u00eb nj\u00eb pozicion nd\u00ebrhyr\u00ebs n\u00eb politik\u00ebn e Kosov\u00ebs.<\/p>\n<p>N\u00eb podkastin e tij \u201cFlasim\u201d, i pari i qeveris\u00eb shqiptare tha se respektimi i pun\u00ebve t\u00eb brendshme t\u00eb Kosov\u00ebs ka qen\u00eb parim i tij.<\/p>\n<p>Megjithat\u00eb, ai s\u2019la pa ironizuar se ka pasur p\u00ebrpjekje nga ana tjet\u00ebr.<\/p>\n<p><em>\u201cUn\u00eb s\u2019kam fare pozicion atje n\u00eb Kosov\u00eb. Un\u00eb s\u2019kam dashur kurr\u00eb t\u00eb nd\u00ebrhyj n\u00eb pun\u00ebt e tyre. M\u00eb \u00ebsht\u00eb dukur qesharake kur kan\u00eb tentuar t\u00eb nd\u00ebrhyjn\u00eb k\u00ebtu\u201d<\/em>, tha Rama.<\/p>\n","protected":false},"excerpt":{"rendered":"<p>Kryeministri i Shqip\u00ebris\u00eb, Edi Rama, \u00ebsht\u00eb deklaruar i prer\u00eb se nuk ka mbajtur kurr\u00eb nj\u00eb pozicion nd\u00ebrhyr\u00ebs n\u00eb politik\u00ebn e Kosov\u00ebs. N\u00eb podkastin e tij \u201cFlasim\u201d, i pari i qeveris\u00eb shqiptare tha se respektimi i pun\u00ebve t\u00eb brendshme t\u00eb Kosov\u00ebs ka qen\u00eb parim i tij. Megjithat\u00eb, ai s\u2019la pa ironizuar se ka pasur p\u00ebrpjekje nga [&hellip;]<\/p>\n","protected":false},"author":2,"featured_media":2608,"comment_status":"closed","ping_status":"open","sticky":false,"template":"","format":"standard","meta":{"footnotes":""},"categories":[1],"tags":[],"_links":{"self":[{"href":"https:\/\/ditori.com\/index.php\/wp-json\/wp\/v2\/posts\/2816"}],"collection":[{"href":"https:\/\/ditori.com\/index.php\/wp-json\/wp\/v2\/posts"}],"about":[{"href":"https:\/\/ditori.com\/index.php\/wp-json\/wp\/v2\/types\/post"}],"author":[{"embeddable":true,"href":"https:\/\/ditori.com\/index.php\/wp-json\/wp\/v2\/users\/2"}],"replies":[{"embeddable":true,"href":"https:\/\/ditori.com\/index.php\/wp-json\/wp\/v2\/comments?post=2816"}],"version-history":[{"count":1,"href":"https:\/\/ditori.com\/index.php\/wp-json\/wp\/v2\/posts\/2816\/revisions"}],"predecessor-version":[{"id":2817,"href":"https:\/\/ditori.com\/index.php\/wp-json\/wp\/v2\/posts\/2816\/revisions\/2817"}],"wp:featuredmedia":[{"embeddable":true,"href":"https:\/\/ditori.com\/index.php\/wp-json\/wp\/v2\/media\/2608"}],"wp:attachment":[{"href":"https:\/\/ditori.com\/index.php\/wp-json\/wp\/v2\/media?parent=2816"}],"wp:term":[{"taxonomy":"category","embeddable":true,"href":"https:\/\/ditori.com\/index.php\/wp-json\/wp\/v2\/categories?post=2816"},{"taxonomy":"post_tag","embeddable":true,"href":"https:\/\/ditori.com\/index.php\/wp-json\/wp\/v2\/tags?post=2816"}],"curies":[{"name":"wp","href":"https:\/\/api.w.org\/{rel}","templated":true}]}}