{"id":2796,"date":"2026-03-13T13:07:10","date_gmt":"2026-03-13T13:07:10","guid":{"rendered":"https:\/\/ditori.com\/?p=2796"},"modified":"2026-03-13T13:07:10","modified_gmt":"2026-03-13T13:07:10","slug":"osmani-masakra-e-tregut-te-gjelber-ne-mitrovice-deshmi-e-krimeve-mizore-nga-regjimi-gjenocidal-serb","status":"publish","type":"post","link":"https:\/\/ditori.com\/index.php\/2026\/03\/13\/osmani-masakra-e-tregut-te-gjelber-ne-mitrovice-deshmi-e-krimeve-mizore-nga-regjimi-gjenocidal-serb\/","title":{"rendered":"Osmani: Masakra e Tregut t\u00eb Gjelb\u00ebr n\u00eb Mitrovic\u00eb, d\u00ebshmi e krimeve mizore nga regjimi gjenocidal serb"},"content":{"rendered":"<p>Presidentja e Kosov\u00ebs, Vjosa Osmani ka kujtuar masakr\u00ebn q\u00eb ndodhi n\u00eb Tregun e Gjelb\u00ebr t\u00eb Mitrovic\u00ebs m\u00eb 13 mars t\u00eb 1999-\u00ebs, e ku u vran\u00eb mizorisht 7 civil\u00eb t\u00eb pafajsh\u00ebm, nga mosha 5 e deri 65-vjecar, e u plagos\u00ebn 128 qytetar\u00eb t\u00eb tjer\u00eb.<ins><\/ins><\/p>\n<p>\u201c13 Marsi \u00ebsht\u00eb nj\u00eb nga datat, t\u00eb cil\u00ebn Mitrovica nuk do ta harroj\u00eb kurr\u00eb. N\u00eb k\u00ebt\u00eb dit\u00eb p\u00ebrkujtojm\u00eb viktimat e masakr\u00ebs n\u00eb Tregun e Gjelb\u00ebr n\u00eb Mitrovic\u00eb, ku m\u00eb 13 mars 1999, nga granatat e forcave t\u00eb regjimit gjenocidal serb, u vran\u00eb mizorisht 7 civil\u00eb t\u00eb pafajsh\u00ebm, nga mosha vet\u00ebm 5 deri n\u00eb 65 vje\u00e7. N\u00eb k\u00ebt\u00eb akt makab\u00ebr u plagos\u00ebn 128 qytetar\u00eb t\u00eb tjer\u00eb: f\u00ebmij\u00eb, gra, pleq e t\u00eb rinj, t\u00eb cil\u00ebt u\u00a0 p\u00ebrball\u00ebn me barbarin\u00eb e nj\u00eb regjimi kriminal\u201d, ka shkruar Osmani.<ins><\/ins><\/p>\n<p>Ajo ka th\u00ebn\u00eb se masakra e Tregut t\u00eb Gjelb\u00ebr mbetet d\u00ebshmi e krimeve mizore.<\/p>\n<p>\u201cMasakra e Tregut t\u00eb Gjelb\u00ebr mbetet d\u00ebshmi e dhimbshme e krimeve mizore t\u00eb kryera gjat\u00eb luft\u00ebs n\u00eb Kosov\u00eb. P\u00ebrulemi me respekt para viktimave, ndajm\u00eb dhimbjen me familjet e tyre dhe riafirmojm\u00eb thirrjen p\u00ebr drejt\u00ebsi\u201d, shkruan ajo.<\/p>\n","protected":false},"excerpt":{"rendered":"<p>Presidentja e Kosov\u00ebs, Vjosa Osmani ka kujtuar masakr\u00ebn q\u00eb ndodhi n\u00eb Tregun e Gjelb\u00ebr t\u00eb Mitrovic\u00ebs m\u00eb 13 mars t\u00eb 1999-\u00ebs, e ku u vran\u00eb mizorisht 7 civil\u00eb t\u00eb pafajsh\u00ebm, nga mosha 5 e deri 65-vjecar, e u plagos\u00ebn 128 qytetar\u00eb t\u00eb tjer\u00eb. \u201c13 Marsi \u00ebsht\u00eb nj\u00eb nga datat, t\u00eb cil\u00ebn Mitrovica nuk do ta [&hellip;]<\/p>\n","protected":false},"author":2,"featured_media":2797,"comment_status":"closed","ping_status":"open","sticky":false,"template":"","format":"standard","meta":{"footnotes":""},"categories":[16,1],"tags":[],"_links":{"self":[{"href":"https:\/\/ditori.com\/index.php\/wp-json\/wp\/v2\/posts\/2796"}],"collection":[{"href":"https:\/\/ditori.com\/index.php\/wp-json\/wp\/v2\/posts"}],"about":[{"href":"https:\/\/ditori.com\/index.php\/wp-json\/wp\/v2\/types\/post"}],"author":[{"embeddable":true,"href":"https:\/\/ditori.com\/index.php\/wp-json\/wp\/v2\/users\/2"}],"replies":[{"embeddable":true,"href":"https:\/\/ditori.com\/index.php\/wp-json\/wp\/v2\/comments?post=2796"}],"version-history":[{"count":1,"href":"https:\/\/ditori.com\/index.php\/wp-json\/wp\/v2\/posts\/2796\/revisions"}],"predecessor-version":[{"id":2798,"href":"https:\/\/ditori.com\/index.php\/wp-json\/wp\/v2\/posts\/2796\/revisions\/2798"}],"wp:featuredmedia":[{"embeddable":true,"href":"https:\/\/ditori.com\/index.php\/wp-json\/wp\/v2\/media\/2797"}],"wp:attachment":[{"href":"https:\/\/ditori.com\/index.php\/wp-json\/wp\/v2\/media?parent=2796"}],"wp:term":[{"taxonomy":"category","embeddable":true,"href":"https:\/\/ditori.com\/index.php\/wp-json\/wp\/v2\/categories?post=2796"},{"taxonomy":"post_tag","embeddable":true,"href":"https:\/\/ditori.com\/index.php\/wp-json\/wp\/v2\/tags?post=2796"}],"curies":[{"name":"wp","href":"https:\/\/api.w.org\/{rel}","templated":true}]}}