{"id":2790,"date":"2026-03-13T12:59:41","date_gmt":"2026-03-13T12:59:41","guid":{"rendered":"https:\/\/ditori.com\/?p=2790"},"modified":"2026-03-13T12:59:41","modified_gmt":"2026-03-13T12:59:41","slug":"kurti-i-pergjigjet-osmanit-qe-tha-se-ia-dha-daten-28-dhjetor-per-zgjedhje-kqz-kishte-thene-se-ska-mundesi-tjeter","status":"publish","type":"post","link":"https:\/\/ditori.com\/index.php\/2026\/03\/13\/kurti-i-pergjigjet-osmanit-qe-tha-se-ia-dha-daten-28-dhjetor-per-zgjedhje-kqz-kishte-thene-se-ska-mundesi-tjeter\/","title":{"rendered":"Kurti i p\u00ebrgjigjet Osmanit q\u00eb tha se ia dha dat\u00ebn 28 dhjetor p\u00ebr zgjedhje: KQZ kishte th\u00ebn\u00eb se s\u2019ka mund\u00ebsi tjet\u00ebr"},"content":{"rendered":"<p>Kryeministri Albin Kurti tregoi se nuk e sheh si favor dh\u00ebnien e dat\u00ebs 28 dhjetor nga presidentja Vjosa Osmani p\u00ebr mbajtjen e zgjedhjeve t\u00eb kaluara.<\/p>\n<p>N\u00eb nj\u00eb deklarim p\u00ebr media, q\u00eb u duk si p\u00ebrgjigje ndaj nj\u00eb deklarate t\u00eb fundit t\u00eb Osmanit, e cila deklaron se ka dh\u00ebn\u00eb k\u00ebt\u00eb dat\u00eb t\u00eb k\u00ebrkuar nga L\u00ebvizja Vet\u00ebvendosje, Kurti tha se s\u2019ka pas\u00eb opsion tjet\u00ebr pos 28 dhjetorit.<\/p>\n<p>\u201cP\u00ebr bindjen time t\u00eb fuqishme, zgjedhjet nuk kan\u00eb qen\u00eb e mundur t\u00eb mbahen m\u00eb 21 dhjetor p\u00ebr shkak se ekziston edhe shkresa nga Sekretariati i KQZ-s\u00eb q\u00eb thot\u00eb se e kan\u00eb t\u00eb pamundur organizimin e zgjedhjeve p\u00ebr 21 dhjetor p\u00ebr t\u00eb p\u00ebrmbushur afatet e domosdoshme kohore lidhur me sfidat logjistike e teknike.<\/p>\n<p>Duke p\u00ebrmendur zgjedhjet lokale q\u00eb ishin af\u00ebr atyre t\u00eb dhjetorit, Kurti tha: \u201cPrandaj, nuk ka pas\u00eb mund\u00ebsi tjet\u00ebr p\u00ebr dat\u00eb p\u00ebrve\u00e7se 28 dhjetor. N\u00ebse dikush do t\u00eb mendonte se ka qen\u00eb e mundur t\u00eb organizoheshin m\u00eb 4 janar, as kjo s\u2019ka qen\u00eb e mundur p\u00ebr shkak t\u00eb aspektit buxhetor\u201d.<\/p>\n<div class=\"mandeta-ad mandeta-ad-tag_inarticle2\">\n<div><\/div>\n<\/div>\n<p>&nbsp;<\/p>\n<div id=\"mandeta_category_leaderboard1\" class=\"ad-container\"><\/div>\n<div class=\"lm-zs-enabled overlay-plain\" data-lm-zs-src=\"[&quot;https:\/\/www.gazetaexpress.com\/wp-content\/uploads\/2026\/03\/1773334595_kosove.jpg&quot;, &quot;https:\/\/www.gazetaexpress.com\/wp-content\/uploads\/2026\/03\/vvvv-2.jpg&quot;, &quot;https:\/\/www.gazetaexpress.com\/wp-content\/uploads\/2024\/10\/shiu-cadra-ap.jpg&quot;, &quot;https:\/\/www.gazetaexpress.com\/wp-content\/uploads\/2026\/03\/d-2.webp&quot;]\">\n<div class=\"lm-zs-slideshow\">\n<div class=\"lm-click-for-story\"><\/div>\n<\/div>\n<\/div>\n","protected":false},"excerpt":{"rendered":"<p>Kryeministri Albin Kurti tregoi se nuk e sheh si favor dh\u00ebnien e dat\u00ebs 28 dhjetor nga presidentja Vjosa Osmani p\u00ebr mbajtjen e zgjedhjeve t\u00eb kaluara. N\u00eb nj\u00eb deklarim p\u00ebr media, q\u00eb u duk si p\u00ebrgjigje ndaj nj\u00eb deklarate t\u00eb fundit t\u00eb Osmanit, e cila deklaron se ka dh\u00ebn\u00eb k\u00ebt\u00eb dat\u00eb t\u00eb k\u00ebrkuar nga L\u00ebvizja Vet\u00ebvendosje, [&hellip;]<\/p>\n","protected":false},"author":2,"featured_media":2791,"comment_status":"closed","ping_status":"open","sticky":false,"template":"","format":"standard","meta":{"footnotes":""},"categories":[6,1],"tags":[],"_links":{"self":[{"href":"https:\/\/ditori.com\/index.php\/wp-json\/wp\/v2\/posts\/2790"}],"collection":[{"href":"https:\/\/ditori.com\/index.php\/wp-json\/wp\/v2\/posts"}],"about":[{"href":"https:\/\/ditori.com\/index.php\/wp-json\/wp\/v2\/types\/post"}],"author":[{"embeddable":true,"href":"https:\/\/ditori.com\/index.php\/wp-json\/wp\/v2\/users\/2"}],"replies":[{"embeddable":true,"href":"https:\/\/ditori.com\/index.php\/wp-json\/wp\/v2\/comments?post=2790"}],"version-history":[{"count":1,"href":"https:\/\/ditori.com\/index.php\/wp-json\/wp\/v2\/posts\/2790\/revisions"}],"predecessor-version":[{"id":2792,"href":"https:\/\/ditori.com\/index.php\/wp-json\/wp\/v2\/posts\/2790\/revisions\/2792"}],"wp:featuredmedia":[{"embeddable":true,"href":"https:\/\/ditori.com\/index.php\/wp-json\/wp\/v2\/media\/2791"}],"wp:attachment":[{"href":"https:\/\/ditori.com\/index.php\/wp-json\/wp\/v2\/media?parent=2790"}],"wp:term":[{"taxonomy":"category","embeddable":true,"href":"https:\/\/ditori.com\/index.php\/wp-json\/wp\/v2\/categories?post=2790"},{"taxonomy":"post_tag","embeddable":true,"href":"https:\/\/ditori.com\/index.php\/wp-json\/wp\/v2\/tags?post=2790"}],"curies":[{"name":"wp","href":"https:\/\/api.w.org\/{rel}","templated":true}]}}