{"id":2777,"date":"2026-03-13T12:48:34","date_gmt":"2026-03-13T12:48:34","guid":{"rendered":"https:\/\/ditori.com\/?p=2777"},"modified":"2026-03-13T12:48:34","modified_gmt":"2026-03-13T12:48:34","slug":"nje-muaj-paraburgim-per-gjestin","status":"publish","type":"post","link":"https:\/\/ditori.com\/index.php\/2026\/03\/13\/nje-muaj-paraburgim-per-gjestin\/","title":{"rendered":"Nj\u00eb muaj paraburgim p\u00ebr Gjestin"},"content":{"rendered":"<p>Gjykata Themelore n\u00eb Prishtin\u00eb ka caktuar mas\u00ebn e paraburgimit prej nj\u00eb muaji ndaj Besart Kelmendit, i njohur si Gjesti, p\u00ebr shkak t\u00eb dyshimit t\u00eb bazuar se ka kryer veprat penale: \u201cKanosja, Asgj\u00ebsimi apo d\u00ebmtimi i pasuris\u00eb\u201d si dhe vepr\u00ebn penale \u201cMbajtja n\u00eb pron\u00ebsi, kontroll ose posedim t\u00eb paautorizuar t\u00eb arm\u00ebve\u201d.<\/p>\n<p>\u201cGjyqtarja e procedur\u00ebs paraprake pas d\u00ebgjimit t\u00eb pal\u00ebve n\u00eb procedur\u00eb dhe pas analizimit t\u00eb shkresave t\u00eb l\u00ebnd\u00ebs gjeti se k\u00ebrkesa e Prokuroris\u00eb Themelore n\u00eb Prishtin\u00eb p\u00ebr caktimin e mas\u00ebs s\u00eb paraburgimit \u00ebsht\u00eb e bazuar, andaj aprovoj k\u00ebrkes\u00ebn e PTHP-s\u00eb, p\u00ebr caktimin e mas\u00ebs s\u00eb paraburgimit ndaj t\u00eb pandehurit B.K., ashtu q\u00eb t\u00eb nj\u00ebjtit iu \u00ebsht\u00eb caktuar masa e paraburgimit n\u00eb koh\u00ebzgjatje prej 1 (nj\u00eb) muaji\u201d, thuhet n\u00eb njoftim.<\/p>\n<p>Gjykata vler\u00ebsoi, si\u00e7 thuhet, se caktimi i mas\u00ebs s\u00eb paraburgimit n\u00eb k\u00ebt\u00eb \u00e7\u00ebshtje penale \u00ebsht\u00eb mas\u00eb adekuate dhe konstatoi se ekzistojn\u00eb rrethana q\u00eb tregojn\u00eb se ekziston rreziku i ikjes, rreziku i ndikimit n\u00eb d\u00ebshmitar\u00eb dhe rreziku i p\u00ebrs\u00ebritjes s\u00eb vepr\u00ebs penale, andaj masa e paraburgimit tani p\u00ebr tani \u00ebsht\u00eb e vetmja mas\u00eb p\u00ebr rrjedhjen e pa penguar t\u00eb procedur\u00ebs penale.<\/p>\n<p>\u201cKund\u00ebr k\u00ebtij aktvendimi, pal\u00ebt e pak\u00ebnaqura kan\u00eb t\u00eb drejt\u00eb ankese n\u00eb Gjykat\u00ebn e Apelit, p\u00ebrmes Gjykat\u00ebs Themelore n\u00eb Prishtin\u00eb\u201d, thuhet n\u00eb njoftim.<\/p>\n","protected":false},"excerpt":{"rendered":"<p>Gjykata Themelore n\u00eb Prishtin\u00eb ka caktuar mas\u00ebn e paraburgimit prej nj\u00eb muaji ndaj Besart Kelmendit, i njohur si Gjesti, p\u00ebr shkak t\u00eb dyshimit t\u00eb bazuar se ka kryer veprat penale: \u201cKanosja, Asgj\u00ebsimi apo d\u00ebmtimi i pasuris\u00eb\u201d si dhe vepr\u00ebn penale \u201cMbajtja n\u00eb pron\u00ebsi, kontroll ose posedim t\u00eb paautorizuar t\u00eb arm\u00ebve\u201d. \u201cGjyqtarja e procedur\u00ebs paraprake pas [&hellip;]<\/p>\n","protected":false},"author":2,"featured_media":2778,"comment_status":"closed","ping_status":"open","sticky":false,"template":"","format":"standard","meta":{"footnotes":""},"categories":[9,5],"tags":[],"_links":{"self":[{"href":"https:\/\/ditori.com\/index.php\/wp-json\/wp\/v2\/posts\/2777"}],"collection":[{"href":"https:\/\/ditori.com\/index.php\/wp-json\/wp\/v2\/posts"}],"about":[{"href":"https:\/\/ditori.com\/index.php\/wp-json\/wp\/v2\/types\/post"}],"author":[{"embeddable":true,"href":"https:\/\/ditori.com\/index.php\/wp-json\/wp\/v2\/users\/2"}],"replies":[{"embeddable":true,"href":"https:\/\/ditori.com\/index.php\/wp-json\/wp\/v2\/comments?post=2777"}],"version-history":[{"count":1,"href":"https:\/\/ditori.com\/index.php\/wp-json\/wp\/v2\/posts\/2777\/revisions"}],"predecessor-version":[{"id":2779,"href":"https:\/\/ditori.com\/index.php\/wp-json\/wp\/v2\/posts\/2777\/revisions\/2779"}],"wp:featuredmedia":[{"embeddable":true,"href":"https:\/\/ditori.com\/index.php\/wp-json\/wp\/v2\/media\/2778"}],"wp:attachment":[{"href":"https:\/\/ditori.com\/index.php\/wp-json\/wp\/v2\/media?parent=2777"}],"wp:term":[{"taxonomy":"category","embeddable":true,"href":"https:\/\/ditori.com\/index.php\/wp-json\/wp\/v2\/categories?post=2777"},{"taxonomy":"post_tag","embeddable":true,"href":"https:\/\/ditori.com\/index.php\/wp-json\/wp\/v2\/tags?post=2777"}],"curies":[{"name":"wp","href":"https:\/\/api.w.org\/{rel}","templated":true}]}}