{"id":2763,"date":"2026-03-11T14:38:58","date_gmt":"2026-03-11T14:38:58","guid":{"rendered":"https:\/\/ditori.com\/?p=2763"},"modified":"2026-03-11T14:38:58","modified_gmt":"2026-03-11T14:38:58","slug":"ne-veri-protestohet-kunder-ligjit-per-te-huajt-dhe-atij-per-automjete","status":"publish","type":"post","link":"https:\/\/ditori.com\/index.php\/2026\/03\/11\/ne-veri-protestohet-kunder-ligjit-per-te-huajt-dhe-atij-per-automjete\/","title":{"rendered":"N\u00eb veri protestohet kund\u00ebr ligjit p\u00ebr t\u00eb huajt dhe atij p\u00ebr automjete"},"content":{"rendered":"<p>Profesor\u00eb e student\u00eb t\u00eb Universitetit t\u00eb Prishtin\u00ebs q\u00eb funksionon n\u00eb Mitrovic\u00eb sipas sistemit arsimor t\u00eb Serbis\u00eb, kan\u00eb protestuar p\u00ebr si\u00e7 than\u00eb t\u00eb t\u00ebrheqin v\u00ebmendjen e opinionit p\u00ebr situat\u00ebn n\u00eb k\u00ebt\u00eb institucion t\u00eb arsimit t\u00eb lart\u00eb.<\/p>\n<p>K\u00ebt\u00eb jav\u00eb, skadon afati 30-ditor q\u00eb Universiteti i Prishtin\u00ebs i dha Fakultetit t\u00eb Shkencave Teknike n\u00eb Mitrovic\u00eb (veri) p\u00ebr t\u2019u larguar nga hap\u00ebsirat q\u00eb i shfryt\u00ebzon \u2013 n\u00eb t\u00eb kund\u00ebrt\u00ebn, duhet t\u00eb filloj\u00eb me pages\u00ebn e qiras\u00eb.<\/p>\n<p>M\u00eb 9 shkurt, rektorit i Universitetit t\u00eb Prishtin\u00ebs, Arben Hajrullahu, i d\u00ebrgoi k\u00ebrkes\u00eb t\u00eb shkruar, ku k\u00ebrkoi kthimin e pron\u00ebs q\u00eb ndodhet n\u00eb nj\u00ebsin\u00eb komunale n\u00eb veri t\u00eb Mitrovic\u00ebs, ku b\u00ebhet fjal\u00eb p\u00ebr 10 ari e 60 metra katror\u00eb q\u00eb jan\u00eb n\u00eb pron\u00ebsi t\u00eb UP-\u00ebs s\u00eb Republik\u00ebs s\u00eb Kosov\u00ebs.<\/p>\n<p>Aty funksionon edhe Fakultetit i Shkencave Teknike i Universitetit n\u00eb gjuh\u00ebn serbe i cili po shfryt\u00ebzon pron\u00ebn pa nj\u00eb kontrat\u00eb formale me Universitetin e Prishtin\u00ebs, q\u00eb i ka ofruar FSHK-\u00ebs, rregullimin e raporteve ligjore p\u00ebr p\u00ebrdorim t\u00eb pron\u00ebs, njofton Klankosova.tv.<\/p>\n<p>Nd\u00ebrkoh\u00eb pes\u00eb organizata t\u00eb shoq\u00ebris\u00eb civile nga komuniteti serb q\u00eb veprojn\u00eb n\u00eb veri t\u00eb Republik\u00ebs, kan\u00eb refuzuar nj\u00eb takim t\u00eb paralajm\u00ebruar me Ministrin\u00eb e Pun\u00ebve t\u00eb Brendshme t\u00eb Kosov\u00ebs, q\u00eb pritet t\u00eb mbahet nes\u00ebr n\u00eb Mitrovic\u00eb, ku do flitet p\u00ebr hyrjen n\u00eb fuqi t\u00eb dy ligjeve, atij p\u00ebr automjetet dhe p\u00ebr t\u00eb huajt.<\/p>\n","protected":false},"excerpt":{"rendered":"<p>Profesor\u00eb e student\u00eb t\u00eb Universitetit t\u00eb Prishtin\u00ebs q\u00eb funksionon n\u00eb Mitrovic\u00eb sipas sistemit arsimor t\u00eb Serbis\u00eb, kan\u00eb protestuar p\u00ebr si\u00e7 than\u00eb t\u00eb t\u00ebrheqin v\u00ebmendjen e opinionit p\u00ebr situat\u00ebn n\u00eb k\u00ebt\u00eb institucion t\u00eb arsimit t\u00eb lart\u00eb. K\u00ebt\u00eb jav\u00eb, skadon afati 30-ditor q\u00eb Universiteti i Prishtin\u00ebs i dha Fakultetit t\u00eb Shkencave Teknike n\u00eb Mitrovic\u00eb (veri) p\u00ebr t\u2019u [&hellip;]<\/p>\n","protected":false},"author":2,"featured_media":2764,"comment_status":"closed","ping_status":"open","sticky":false,"template":"","format":"standard","meta":{"footnotes":""},"categories":[16,1],"tags":[],"_links":{"self":[{"href":"https:\/\/ditori.com\/index.php\/wp-json\/wp\/v2\/posts\/2763"}],"collection":[{"href":"https:\/\/ditori.com\/index.php\/wp-json\/wp\/v2\/posts"}],"about":[{"href":"https:\/\/ditori.com\/index.php\/wp-json\/wp\/v2\/types\/post"}],"author":[{"embeddable":true,"href":"https:\/\/ditori.com\/index.php\/wp-json\/wp\/v2\/users\/2"}],"replies":[{"embeddable":true,"href":"https:\/\/ditori.com\/index.php\/wp-json\/wp\/v2\/comments?post=2763"}],"version-history":[{"count":1,"href":"https:\/\/ditori.com\/index.php\/wp-json\/wp\/v2\/posts\/2763\/revisions"}],"predecessor-version":[{"id":2765,"href":"https:\/\/ditori.com\/index.php\/wp-json\/wp\/v2\/posts\/2763\/revisions\/2765"}],"wp:featuredmedia":[{"embeddable":true,"href":"https:\/\/ditori.com\/index.php\/wp-json\/wp\/v2\/media\/2764"}],"wp:attachment":[{"href":"https:\/\/ditori.com\/index.php\/wp-json\/wp\/v2\/media?parent=2763"}],"wp:term":[{"taxonomy":"category","embeddable":true,"href":"https:\/\/ditori.com\/index.php\/wp-json\/wp\/v2\/categories?post=2763"},{"taxonomy":"post_tag","embeddable":true,"href":"https:\/\/ditori.com\/index.php\/wp-json\/wp\/v2\/tags?post=2763"}],"curies":[{"name":"wp","href":"https:\/\/api.w.org\/{rel}","templated":true}]}}