{"id":2755,"date":"2026-03-11T13:11:03","date_gmt":"2026-03-11T13:11:03","guid":{"rendered":"https:\/\/ditori.com\/?p=2755"},"modified":"2026-03-11T13:11:03","modified_gmt":"2026-03-11T13:11:03","slug":"shqiptari-nga-kosova-i-mbijeton-tragjedise-ne-zvicer-brenda-pak-sekondash-autobusi-u-mbush-me-tym","status":"publish","type":"post","link":"https:\/\/ditori.com\/index.php\/2026\/03\/11\/shqiptari-nga-kosova-i-mbijeton-tragjedise-ne-zvicer-brenda-pak-sekondash-autobusi-u-mbush-me-tym\/","title":{"rendered":"Shqiptari nga Kosova i mbijeton tragjedis\u00eb n\u00eb Zvic\u00ebr: Brenda pak sekondash autobusi u mbush me tym"},"content":{"rendered":"<p>Faton Berisha ishte mes pasagjer\u00ebve n\u00eb autobusin q\u00eb u p\u00ebrfshi nga flak\u00ebt n\u00eb Kerzers. Ai shp\u00ebtoi me djegie dhe d\u00ebmtime nga tymi, nd\u00ebrsa familjar\u00ebt rr\u00ebfejn\u00eb momentet dramatike t\u00eb ngjarjes.<\/p>\n<p>Mes personave q\u00eb ndodheshin n\u00eb autobusin postar q\u00eb u p\u00ebrfshi nga flak\u00ebt n\u00eb Kerzers n\u00eb kantonin Fribourg ishte edhe nj\u00eb shqiptar nga Kosova, i cili arriti t\u00eb shp\u00ebtoj\u00eb nga tragjedia ku humb\u00ebn jet\u00ebn gjasht\u00eb persona dhe pes\u00eb t\u00eb tjer\u00eb mbet\u00ebn t\u00eb plagosur, transmeton\u00a0albinfo.ch.<\/p>\n<p>Sipas raportimit t\u00eb mediumit zviceran 20 Minuten, b\u00ebhet fjal\u00eb p\u00ebr Faton Berisha, i cili p\u00ebsoi djegie n\u00eb trup dhe d\u00ebmtime nga thithja e tymit, por arriti t\u00eb dal\u00eb me v\u00ebshtir\u00ebsi nga autobusi i p\u00ebrfshir\u00eb nga flak\u00ebt.<\/p>\n<p>Kush\u00ebriri i tij, Arbi Berisha, ka treguar se kishte mb\u00ebrritur n\u00eb vendin e ngjarjes vet\u00ebm pak minuta pasi shp\u00ebrtheu zjarri.<\/p>\n<p>\u201cFatoni m\u00eb telefonoi dhe m\u00eb tha se autobusi ishte p\u00ebrfshir\u00eb nga zjarri dhe t\u00eb shkoja sa m\u00eb shpejt n\u00eb parkingun e Migros. N\u00eb at\u00eb moment nuk dija \u00e7far\u00eb t\u00eb b\u00ebja, thjesht fillova t\u00eb vrapoja\u201d, rr\u00ebfen ai.<\/p>\n<p>Sipas tij, e gjeti kush\u00ebririn pak m\u00eb von\u00eb kur doli nga tualeti i nj\u00eb restoranti pran\u00eb vendit t\u00eb ngjarjes.<\/p>\n<p>\u201cU leht\u00ebsova kur e pash\u00eb, por ai kishte djegie n\u00eb duar, n\u00eb k\u00ebmb\u00eb dhe n\u00eb maj\u00ebn e hund\u00ebs. Fytyra i ishte nxir\u00eb krejt nga tymi dhe mushk\u00ebrit\u00eb i ishin d\u00ebmtuar\u201d, tregon Arbi.<\/p>\n<p>Ai shton se ishte pik\u00ebrisht ai q\u00eb i kishte sugjeruar Fatonit t\u00eb merrte autobusin p\u00ebr t\u2019u kthyer n\u00eb sht\u00ebpi.<\/p>\n<p>\u201cAi kishte dal\u00eb p\u00ebr nj\u00eb sh\u00ebtitje t\u00eb shkurt\u00ebr dhe m\u00eb telefonoi p\u00ebr t\u00eb m\u00eb pyetur si t\u00eb kthehej n\u00eb sht\u00ebpi. I thash\u00eb t\u00eb merrte autobusin\u201d, kujton ai.<\/p>\n<p>Sipas d\u00ebshmis\u00eb s\u00eb Fatonit, momentet kur shp\u00ebrtheu zjarri ndodh\u00ebn shum\u00eb shpejt. Ai ishte ulur n\u00eb mes t\u00eb autobusit, pran\u00eb dyerve t\u00eb hyrjes dhe daljes. Nj\u00eb burr\u00eb q\u00eb ndodhej pran\u00eb hap\u00ebsir\u00ebs p\u00ebr bi\u00e7ikleta dyshohet se kishte nxjerr\u00eb nj\u00eb \u00e7akmak dhe ishte sp\u00ebrkatur me benzin\u00eb.<\/p>\n<p>\u201cN\u00eb at\u00eb moment Fatoni b\u00ebrtiti me z\u00eb t\u00eb lart\u00eb. Brenda pes\u00eb ose gjasht\u00eb sekondash autobusi u mbush plot me tym dhe nuk shihej asgj\u00eb\u201d, rr\u00ebfen Arbi duke p\u00ebrcjell\u00eb d\u00ebshmin\u00eb e kush\u00ebririt t\u00eb tij.<\/p>\n<p>Fillimisht dyert e autobusit nuk u hap\u00ebn dhe Fatoni p\u00ebsoi djegie n\u00eb duar duke u p\u00ebrpjekur t\u2019i hapte ato.<\/p>\n<p>\u201cM\u00eb pas ai d\u00ebgjoi se dyert u hap\u00ebn dhe doli me v\u00ebshtir\u00ebsi jasht\u00eb. N\u00eb at\u00eb moment m\u00eb telefonoi\u201d, tregon Arbi, i cili jeton rreth 200 metra nga vendi i ngjarjes.<\/p>\n<p>I plagosuri u d\u00ebrgua p\u00ebr trajtim n\u00eb Inselspital, ku sipas familjar\u00ebve djegiet m\u00eb t\u00eb r\u00ebnda i ka n\u00eb duar, nd\u00ebrsa gjendja e tij konsiderohet relativisht stabile.<\/p>\n<p>Megjithat\u00eb, p\u00ebrve\u00e7 l\u00ebndimeve fizike, ai po p\u00ebrballet edhe me pasojat psikologjike t\u00eb ngjarjes.<\/p>\n<p>\u201cAi \u00ebsht\u00eb shum\u00eb i traumatizuar dhe nuk mund t\u00eb flej\u00eb\u201d, ka th\u00ebn\u00eb kush\u00ebriri i tij.<\/p>\n<p>Nd\u00ebrkoh\u00eb, nj\u00eb tjet\u00ebr shqiptar q\u00eb ndodhej pran\u00eb vendit t\u00eb ngjarjes, Astrit B., pronar i nj\u00eb lokali n\u00eb Kerzers, ka treguar se policia ishte n\u00eb ambientet e biznesit t\u00eb tij pak para incidentit p\u00ebr shkak t\u00eb nj\u00eb raportimi p\u00ebr vjedhje.<\/p>\n<p>Ai rr\u00ebfen se situata ndryshoi papritur kur nj\u00ebri nga polic\u00ebt d\u00ebgjoi komunikimin n\u00eb radio.<\/p>\n<p>\u201cPolic\u00ebt ishin te lokali im p\u00ebr shkak t\u00eb nj\u00eb vjedhjeje. Papritur nj\u00ebri prej tyre tha: \u2018Ju lutem pak qet\u00ebsi\u2019, sepse po d\u00ebgjonte komunikimin n\u00eb radio. Pas pak ai tha: \u2018Duhet t\u00eb largohemi menj\u00ebher\u00eb, \u00ebsht\u00eb nj\u00eb emergjenc\u00eb\u2019\u201d, ka treguar ai p\u00ebr median zvicerane Blick.<\/p>\n<p>Pak \u00e7aste m\u00eb von\u00eb ai pa nj\u00eb re t\u00eb madhe tymi n\u00eb qiell.<\/p>\n<p>\u201cPolic\u00ebt hip\u00ebn n\u00eb vetur\u00eb dhe arrit\u00ebn n\u00eb vendin e ngjarjes p\u00ebr rreth 30 sekonda. Edhe un\u00eb shkova menj\u00ebher\u00eb pas tyre \u2013 ajo q\u00eb pash\u00eb ishte trondit\u00ebse\u201d, tha ai.<\/p>\n","protected":false},"excerpt":{"rendered":"<p>Faton Berisha ishte mes pasagjer\u00ebve n\u00eb autobusin q\u00eb u p\u00ebrfshi nga flak\u00ebt n\u00eb Kerzers. Ai shp\u00ebtoi me djegie dhe d\u00ebmtime nga tymi, nd\u00ebrsa familjar\u00ebt rr\u00ebfejn\u00eb momentet dramatike t\u00eb ngjarjes. Mes personave q\u00eb ndodheshin n\u00eb autobusin postar q\u00eb u p\u00ebrfshi nga flak\u00ebt n\u00eb Kerzers n\u00eb kantonin Fribourg ishte edhe nj\u00eb shqiptar nga Kosova, i cili arriti [&hellip;]<\/p>\n","protected":false},"author":2,"featured_media":2756,"comment_status":"closed","ping_status":"open","sticky":false,"template":"","format":"standard","meta":{"footnotes":""},"categories":[6,1],"tags":[],"_links":{"self":[{"href":"https:\/\/ditori.com\/index.php\/wp-json\/wp\/v2\/posts\/2755"}],"collection":[{"href":"https:\/\/ditori.com\/index.php\/wp-json\/wp\/v2\/posts"}],"about":[{"href":"https:\/\/ditori.com\/index.php\/wp-json\/wp\/v2\/types\/post"}],"author":[{"embeddable":true,"href":"https:\/\/ditori.com\/index.php\/wp-json\/wp\/v2\/users\/2"}],"replies":[{"embeddable":true,"href":"https:\/\/ditori.com\/index.php\/wp-json\/wp\/v2\/comments?post=2755"}],"version-history":[{"count":1,"href":"https:\/\/ditori.com\/index.php\/wp-json\/wp\/v2\/posts\/2755\/revisions"}],"predecessor-version":[{"id":2757,"href":"https:\/\/ditori.com\/index.php\/wp-json\/wp\/v2\/posts\/2755\/revisions\/2757"}],"wp:featuredmedia":[{"embeddable":true,"href":"https:\/\/ditori.com\/index.php\/wp-json\/wp\/v2\/media\/2756"}],"wp:attachment":[{"href":"https:\/\/ditori.com\/index.php\/wp-json\/wp\/v2\/media?parent=2755"}],"wp:term":[{"taxonomy":"category","embeddable":true,"href":"https:\/\/ditori.com\/index.php\/wp-json\/wp\/v2\/categories?post=2755"},{"taxonomy":"post_tag","embeddable":true,"href":"https:\/\/ditori.com\/index.php\/wp-json\/wp\/v2\/tags?post=2755"}],"curies":[{"name":"wp","href":"https:\/\/api.w.org\/{rel}","templated":true}]}}