{"id":2753,"date":"2026-03-11T13:09:32","date_gmt":"2026-03-11T13:09:32","guid":{"rendered":"https:\/\/ditori.com\/?p=2753"},"modified":"2026-03-11T13:09:32","modified_gmt":"2026-03-11T13:09:32","slug":"erdogan-paralajmeron-se-lufta-ne-lindjen-e-mesme-mund-te-zgjerohet-ne-rajon","status":"publish","type":"post","link":"https:\/\/ditori.com\/index.php\/2026\/03\/11\/erdogan-paralajmeron-se-lufta-ne-lindjen-e-mesme-mund-te-zgjerohet-ne-rajon\/","title":{"rendered":"Erdogan paralajm\u00ebron se lufta n\u00eb Lindjen e Mesme mund t\u00eb zgjerohet n\u00eb rajon"},"content":{"rendered":"<p>Lufta q\u00eb po vazhdon n\u00eb pjes\u00ebn m\u00eb t\u00eb madhe t\u00eb Lindjes s\u00eb Mesme duhet t\u00eb ndalet para se t\u00eb p\u00ebrfshij\u00eb t\u00eb gjith\u00eb rajonin, duke shkaktuar kosto gjithnj\u00eb n\u00eb rritje p\u00ebr ekonomin\u00eb globale, tha t\u00eb m\u00ebrkur\u00ebn presidenti turk, Recep Tayyip Erdogan.<\/p>\n<p>\u201cKjo luft\u00eb duhet t\u00eb ndalet para se t\u00eb b\u00ebhet m\u00eb e madhe dhe t\u00eb p\u00ebrfshij\u00eb plot\u00ebsisht rajonin n\u00eb flak\u00eb\u201d, tha ai, duke p\u00ebrshkruar Lindjen e Mesme si \u201cp\u00ebrs\u00ebri e mbuluar nga nj\u00eb er\u00eb gjaku dhe plumbi\u201d.<\/p>\n<p>\u201cN\u00ebse diplomacis\u00eb i jepet nj\u00eb mund\u00ebsi, kjo \u00ebsht\u00eb krejt\u00ebsisht e mundur\u201d, k\u00ebmb\u00ebnguli lideri turk, nj\u00eb dit\u00eb pasi kryediplomati iranian, Abbas Araghchi n\u00eb m\u00ebnyr\u00eb efektive p\u00ebrjashtoi negociatat me Uashingtonin, duke th\u00ebn\u00eb se Teherani kishte pasur \u201cnj\u00eb p\u00ebrvoj\u00eb shum\u00eb t\u00eb hidhur nga bisedimet me amerikan\u00ebt\u201d.<\/p>\n<p>Lufta, e shkaktuar nga sulmet amerikano-izraelite ndaj Iranit m\u00eb 28 shkurt, ka shkaktuar vdekje, shp\u00ebrngulje dhe shkat\u00ebrrim, nd\u00ebrkoh\u00eb q\u00eb ka trazuar tregjet e naft\u00ebs dhe ka \u00e7uar n\u00eb nj\u00eb rritje t\u00eb \u00e7mimeve t\u00eb naft\u00ebs.<\/p>\n<p>\u201cN\u00ebse kjo luft\u00eb pa kuptim, pa ligj dhe e parregullt vazhdon, do t\u00eb ket\u00eb m\u00eb shum\u00eb humbje jete dhe pronash, dhe kostoja p\u00ebr ekonomin\u00eb globale do t\u00eb rritet edhe m\u00eb shum\u00eb\u201d, shtoi Erdogan, duke th\u00ebn\u00eb se Turqia po ndjek p\u00ebrpjekje p\u00ebr t\u00eb gjetur nj\u00eb zgjidhje diplomatike.<\/p>\n<p>Q\u00eb nga fillimi i luft\u00ebs, Teherani ka kund\u00ebrp\u00ebrgjigjur me sulme n\u00eb t\u00eb gjith\u00eb Lindjen e Mesme.<\/p>\n<p>P\u00ebrve\u00e7 dy interceptimeve t\u00eb raketave balistike n\u00eb hap\u00ebsir\u00ebn ajrore turke nga sistemet e mbrojtjes s\u00eb NATO-s gjat\u00eb pes\u00eb dit\u00ebve, duket se Turqia \u00ebsht\u00eb shp\u00ebtuar. \/Telegrafi<\/p>\n","protected":false},"excerpt":{"rendered":"<p>Lufta q\u00eb po vazhdon n\u00eb pjes\u00ebn m\u00eb t\u00eb madhe t\u00eb Lindjes s\u00eb Mesme duhet t\u00eb ndalet para se t\u00eb p\u00ebrfshij\u00eb t\u00eb gjith\u00eb rajonin, duke shkaktuar kosto gjithnj\u00eb n\u00eb rritje p\u00ebr ekonomin\u00eb globale, tha t\u00eb m\u00ebrkur\u00ebn presidenti turk, Recep Tayyip Erdogan. \u201cKjo luft\u00eb duhet t\u00eb ndalet para se t\u00eb b\u00ebhet m\u00eb e madhe dhe t\u00eb p\u00ebrfshij\u00eb [&hellip;]<\/p>\n","protected":false},"author":2,"featured_media":462,"comment_status":"closed","ping_status":"open","sticky":false,"template":"","format":"standard","meta":{"footnotes":""},"categories":[9],"tags":[],"_links":{"self":[{"href":"https:\/\/ditori.com\/index.php\/wp-json\/wp\/v2\/posts\/2753"}],"collection":[{"href":"https:\/\/ditori.com\/index.php\/wp-json\/wp\/v2\/posts"}],"about":[{"href":"https:\/\/ditori.com\/index.php\/wp-json\/wp\/v2\/types\/post"}],"author":[{"embeddable":true,"href":"https:\/\/ditori.com\/index.php\/wp-json\/wp\/v2\/users\/2"}],"replies":[{"embeddable":true,"href":"https:\/\/ditori.com\/index.php\/wp-json\/wp\/v2\/comments?post=2753"}],"version-history":[{"count":1,"href":"https:\/\/ditori.com\/index.php\/wp-json\/wp\/v2\/posts\/2753\/revisions"}],"predecessor-version":[{"id":2754,"href":"https:\/\/ditori.com\/index.php\/wp-json\/wp\/v2\/posts\/2753\/revisions\/2754"}],"wp:featuredmedia":[{"embeddable":true,"href":"https:\/\/ditori.com\/index.php\/wp-json\/wp\/v2\/media\/462"}],"wp:attachment":[{"href":"https:\/\/ditori.com\/index.php\/wp-json\/wp\/v2\/media?parent=2753"}],"wp:term":[{"taxonomy":"category","embeddable":true,"href":"https:\/\/ditori.com\/index.php\/wp-json\/wp\/v2\/categories?post=2753"},{"taxonomy":"post_tag","embeddable":true,"href":"https:\/\/ditori.com\/index.php\/wp-json\/wp\/v2\/tags?post=2753"}],"curies":[{"name":"wp","href":"https:\/\/api.w.org\/{rel}","templated":true}]}}