{"id":2741,"date":"2026-03-11T13:01:22","date_gmt":"2026-03-11T13:01:22","guid":{"rendered":"https:\/\/ditori.com\/?p=2741"},"modified":"2026-03-11T13:01:22","modified_gmt":"2026-03-11T13:01:22","slug":"kryeprokurori-i-prizrenit-del-ne-aksion-bashke-me-njesine-speciale-arrestohen-disa-persona-per-fajde","status":"publish","type":"post","link":"https:\/\/ditori.com\/index.php\/2026\/03\/11\/kryeprokurori-i-prizrenit-del-ne-aksion-bashke-me-njesine-speciale-arrestohen-disa-persona-per-fajde\/","title":{"rendered":"Kryeprokurori i Prizrenit del n\u00eb aksion bashk\u00eb m\u00eb Nj\u00ebsin\u00eb Speciale, arrestohen disa persona p\u00ebr fajde"},"content":{"rendered":"<p>Kryeprokurori i Prokuroris\u00eb n\u00eb Prizren, Petrit Kreziu ka ndjekur nga af\u00ebr arrestimin e disa personave sot n\u00eb qend\u00ebr t\u00eb Prizrenit.<ins><\/ins><\/p>\n<p>Nj\u00ebsiti Special ka arrestuar disa persona pas hetimeve parapraka nga Kryeziu lidhur me veprat penale fajde dhe detyrim.<ins><\/ins><\/p>\n<p>Me skena si n\u00eb filma nga nj\u00ebsiti i maskuar, Kryeziu ishte i pranish\u00ebm kur iu vun\u00eb prangat disa personave q\u00eb dyshohet se jan\u00eb t\u00eb p\u00ebrfshir\u00eb n\u00eb fajde.<\/p>\n<p><iframe loading=\"lazy\" src=\"https:\/\/www.facebook.com\/plugins\/post.php?href=https%3A%2F%2Fwww.facebook.com%2Ftvprizrenioff%2Fposts%2Fpfbid02KSEzMRhUHtJo2qL5vSjr5rv1PPZ187ndzwmen9igaERS76qrH4njxPCXbHBTomiWl&amp;show_text=true&amp;width=500\" width=\"500\" height=\"671\" frameborder=\"0\" scrolling=\"no\" allowfullscreen=\"allowfullscreen\" data-mce-fragment=\"1\"><\/iframe><\/p>\n","protected":false},"excerpt":{"rendered":"<p>Kryeprokurori i Prokuroris\u00eb n\u00eb Prizren, Petrit Kreziu ka ndjekur nga af\u00ebr arrestimin e disa personave sot n\u00eb qend\u00ebr t\u00eb Prizrenit. Nj\u00ebsiti Special ka arrestuar disa persona pas hetimeve parapraka nga Kryeziu lidhur me veprat penale fajde dhe detyrim. Me skena si n\u00eb filma nga nj\u00ebsiti i maskuar, Kryeziu ishte i pranish\u00ebm kur iu vun\u00eb prangat [&hellip;]<\/p>\n","protected":false},"author":2,"featured_media":2742,"comment_status":"closed","ping_status":"open","sticky":false,"template":"","format":"standard","meta":{"footnotes":""},"categories":[16,1],"tags":[],"_links":{"self":[{"href":"https:\/\/ditori.com\/index.php\/wp-json\/wp\/v2\/posts\/2741"}],"collection":[{"href":"https:\/\/ditori.com\/index.php\/wp-json\/wp\/v2\/posts"}],"about":[{"href":"https:\/\/ditori.com\/index.php\/wp-json\/wp\/v2\/types\/post"}],"author":[{"embeddable":true,"href":"https:\/\/ditori.com\/index.php\/wp-json\/wp\/v2\/users\/2"}],"replies":[{"embeddable":true,"href":"https:\/\/ditori.com\/index.php\/wp-json\/wp\/v2\/comments?post=2741"}],"version-history":[{"count":1,"href":"https:\/\/ditori.com\/index.php\/wp-json\/wp\/v2\/posts\/2741\/revisions"}],"predecessor-version":[{"id":2743,"href":"https:\/\/ditori.com\/index.php\/wp-json\/wp\/v2\/posts\/2741\/revisions\/2743"}],"wp:featuredmedia":[{"embeddable":true,"href":"https:\/\/ditori.com\/index.php\/wp-json\/wp\/v2\/media\/2742"}],"wp:attachment":[{"href":"https:\/\/ditori.com\/index.php\/wp-json\/wp\/v2\/media?parent=2741"}],"wp:term":[{"taxonomy":"category","embeddable":true,"href":"https:\/\/ditori.com\/index.php\/wp-json\/wp\/v2\/categories?post=2741"},{"taxonomy":"post_tag","embeddable":true,"href":"https:\/\/ditori.com\/index.php\/wp-json\/wp\/v2\/tags?post=2741"}],"curies":[{"name":"wp","href":"https:\/\/api.w.org\/{rel}","templated":true}]}}