{"id":2358,"date":"2025-02-24T17:16:53","date_gmt":"2025-02-24T17:16:53","guid":{"rendered":"https:\/\/ditori.com\/?p=2358"},"modified":"2025-02-24T17:16:53","modified_gmt":"2025-02-24T17:16:53","slug":"burri-qe-sluajti-vendit-mbushet-me-lule-monumenti-i-faik-rexhepit-pas-ndarjes-nga-jeta","status":"publish","type":"post","link":"https:\/\/ditori.com\/index.php\/2025\/02\/24\/burri-qe-sluajti-vendit-mbushet-me-lule-monumenti-i-faik-rexhepit-pas-ndarjes-nga-jeta\/","title":{"rendered":"\u201cBurri q\u00eb s\u2019luajti vendit\u201d, mbushet me lule monumenti i Faik Rexhepit pas ndarjes nga jeta"},"content":{"rendered":"<p>Faik Rexhepi, burri nga Presheva q\u00eb u shnd\u00ebrrua n\u00eb simbol t\u00eb rezistenc\u00eb kund\u00ebr Sllobodan Millosheviqit,\u00a0 vdiq dit\u00ebn e diel n\u00eb Prishtin\u00eb.<\/p>\n<p>Faik Rexhepi, i cili punonte n\u00eb nd\u00ebrmarrjen \u201cFeronikeli\u201d n\u00eb Drenas, n\u00eb gusht t\u00eb 90-t\u00ebs bashk\u00eb me koleg\u00ebt e tjer\u00eb kishin dal\u00eb q\u00eb ta prisnin nj\u00eb delegacion t\u00eb Kongresit amerikan. Me k\u00ebt\u00eb rast, policia serbe kishte nd\u00ebrhyr\u00eb ashp\u00ebr, duke tentuar q\u00eb ta shp\u00ebrndante mas\u00ebn.<\/p>\n<p>Por, i vetmi q\u00eb nuk luajti vendit ishte Faiku, i cili u ul k\u00ebmb\u00ebkryq midis turm\u00ebs.Para disa vitesh pik\u00ebrisht n\u00eb vendin ku ai protestoi u vendos nj\u00eb monument q\u00eb u quajtur \u201cBurri q\u00eb s\u2019luajti vendit!\u201d, n\u00eb shenj\u00eb nderimi p\u00ebr vepr\u00ebn e tij.<\/p>\n<p>E n\u00eb k\u00ebt\u00eb monument sot u vendos\u00ebn lule, n\u00eb shenj\u00eb respekti p\u00ebr Faikun.<\/p>\n","protected":false},"excerpt":{"rendered":"<p>Faik Rexhepi, burri nga Presheva q\u00eb u shnd\u00ebrrua n\u00eb simbol t\u00eb rezistenc\u00eb kund\u00ebr Sllobodan Millosheviqit,\u00a0 vdiq dit\u00ebn e diel n\u00eb Prishtin\u00eb. Faik Rexhepi, i cili punonte n\u00eb nd\u00ebrmarrjen \u201cFeronikeli\u201d n\u00eb Drenas, n\u00eb gusht t\u00eb 90-t\u00ebs bashk\u00eb me koleg\u00ebt e tjer\u00eb kishin dal\u00eb q\u00eb ta prisnin nj\u00eb delegacion t\u00eb Kongresit amerikan. Me k\u00ebt\u00eb rast, policia serbe [&hellip;]<\/p>\n","protected":false},"author":2,"featured_media":2359,"comment_status":"closed","ping_status":"open","sticky":false,"template":"","format":"standard","meta":{"footnotes":""},"categories":[16,1],"tags":[],"_links":{"self":[{"href":"https:\/\/ditori.com\/index.php\/wp-json\/wp\/v2\/posts\/2358"}],"collection":[{"href":"https:\/\/ditori.com\/index.php\/wp-json\/wp\/v2\/posts"}],"about":[{"href":"https:\/\/ditori.com\/index.php\/wp-json\/wp\/v2\/types\/post"}],"author":[{"embeddable":true,"href":"https:\/\/ditori.com\/index.php\/wp-json\/wp\/v2\/users\/2"}],"replies":[{"embeddable":true,"href":"https:\/\/ditori.com\/index.php\/wp-json\/wp\/v2\/comments?post=2358"}],"version-history":[{"count":1,"href":"https:\/\/ditori.com\/index.php\/wp-json\/wp\/v2\/posts\/2358\/revisions"}],"predecessor-version":[{"id":2360,"href":"https:\/\/ditori.com\/index.php\/wp-json\/wp\/v2\/posts\/2358\/revisions\/2360"}],"wp:featuredmedia":[{"embeddable":true,"href":"https:\/\/ditori.com\/index.php\/wp-json\/wp\/v2\/media\/2359"}],"wp:attachment":[{"href":"https:\/\/ditori.com\/index.php\/wp-json\/wp\/v2\/media?parent=2358"}],"wp:term":[{"taxonomy":"category","embeddable":true,"href":"https:\/\/ditori.com\/index.php\/wp-json\/wp\/v2\/categories?post=2358"},{"taxonomy":"post_tag","embeddable":true,"href":"https:\/\/ditori.com\/index.php\/wp-json\/wp\/v2\/tags?post=2358"}],"curies":[{"name":"wp","href":"https:\/\/api.w.org\/{rel}","templated":true}]}}