{"id":2323,"date":"2024-12-07T08:11:34","date_gmt":"2024-12-07T08:11:34","guid":{"rendered":"https:\/\/ditori.com\/?p=2323"},"modified":"2024-12-07T08:11:34","modified_gmt":"2024-12-07T08:11:34","slug":"bislimi-flet-per-sulmin-ne-iber-lepenc-me-zyrtaren-e-dashit-falenderon-shbane-per-mbeshtetjen-ne-zbardhjen-e-tij","status":"publish","type":"post","link":"https:\/\/ditori.com\/index.php\/2024\/12\/07\/bislimi-flet-per-sulmin-ne-iber-lepenc-me-zyrtaren-e-dashit-falenderon-shbane-per-mbeshtetjen-ne-zbardhjen-e-tij\/","title":{"rendered":"Bislimi flet p\u00ebr sulmin n\u00eb Ib\u00ebr-Lepenc me zyrtaren e DASH\u2019it, fal\u00ebnderon ShBA\u2019n\u00eb p\u00ebr mb\u00ebshtetjen n\u00eb zbardhjen e tij"},"content":{"rendered":"<p><strong>Z\u00ebvend\u00ebskryeministri Besnik Bislimi \u00ebsht\u00eb takuar n\u00eb Departamentin Amerikan t\u00eb Shtetit me Drejtoresh\u00ebn p\u00ebr p\u00ebr \u00c7\u00ebshtjet e Evrop\u00ebs Qendrore dhe Jugore, Colleen Hyland.<\/strong><\/p>\n<p>Sipas njoftimit t\u00eb l\u00ebshuar nga Zyra e Kryeministrit n\u00eb k\u00ebt\u00eb takim \u00ebsht\u00eb diskutuar p\u00ebr sulmin e jav\u00ebs s\u00eb kaluar n\u00eb kanalin e Ib\u00ebr-Lepencit, ku ka fal\u00ebnderuar ShBA\u2019n\u00eb p\u00ebr d\u00ebnimin e sulmit dhe mb\u00ebshtetjen ndaj Kosov\u00ebs p\u00ebr zbardhjen e plot\u00eb t\u00eb tij, raporton Express.<\/p>\n<p>\u00cbsht\u00eb folur edhe rreth zhvillimit ekonomik, sigurin\u00eb energjetike dhe investimeve n\u00eb k\u00ebt\u00eb fush\u00eb.<\/p>\n<p>\u201cM\u00eb tej, ai foli dhe rreth iniciativave e politikave t\u00eb nd\u00ebrmarra nga qeveria p\u00ebr t\u00eb mb\u00ebshtetur komunitetin serb n\u00eb Kosov\u00eb dhe leht\u00ebsimin e integrimit t\u00eb tyre. N\u00eb takim u diskutua dhe rreth zhvillimeve n\u00eb lidhje me procesin e dialogut\u201d, thuhet n\u00eb njoftim.<\/p>\n","protected":false},"excerpt":{"rendered":"<p>Z\u00ebvend\u00ebskryeministri Besnik Bislimi \u00ebsht\u00eb takuar n\u00eb Departamentin Amerikan t\u00eb Shtetit me Drejtoresh\u00ebn p\u00ebr p\u00ebr \u00c7\u00ebshtjet e Evrop\u00ebs Qendrore dhe Jugore, Colleen Hyland. Sipas njoftimit t\u00eb l\u00ebshuar nga Zyra e Kryeministrit n\u00eb k\u00ebt\u00eb takim \u00ebsht\u00eb diskutuar p\u00ebr sulmin e jav\u00ebs s\u00eb kaluar n\u00eb kanalin e Ib\u00ebr-Lepencit, ku ka fal\u00ebnderuar ShBA\u2019n\u00eb p\u00ebr d\u00ebnimin e sulmit dhe mb\u00ebshtetjen [&hellip;]<\/p>\n","protected":false},"author":2,"featured_media":2324,"comment_status":"closed","ping_status":"open","sticky":false,"template":"","format":"standard","meta":{"footnotes":""},"categories":[6,1],"tags":[],"_links":{"self":[{"href":"https:\/\/ditori.com\/index.php\/wp-json\/wp\/v2\/posts\/2323"}],"collection":[{"href":"https:\/\/ditori.com\/index.php\/wp-json\/wp\/v2\/posts"}],"about":[{"href":"https:\/\/ditori.com\/index.php\/wp-json\/wp\/v2\/types\/post"}],"author":[{"embeddable":true,"href":"https:\/\/ditori.com\/index.php\/wp-json\/wp\/v2\/users\/2"}],"replies":[{"embeddable":true,"href":"https:\/\/ditori.com\/index.php\/wp-json\/wp\/v2\/comments?post=2323"}],"version-history":[{"count":1,"href":"https:\/\/ditori.com\/index.php\/wp-json\/wp\/v2\/posts\/2323\/revisions"}],"predecessor-version":[{"id":2325,"href":"https:\/\/ditori.com\/index.php\/wp-json\/wp\/v2\/posts\/2323\/revisions\/2325"}],"wp:featuredmedia":[{"embeddable":true,"href":"https:\/\/ditori.com\/index.php\/wp-json\/wp\/v2\/media\/2324"}],"wp:attachment":[{"href":"https:\/\/ditori.com\/index.php\/wp-json\/wp\/v2\/media?parent=2323"}],"wp:term":[{"taxonomy":"category","embeddable":true,"href":"https:\/\/ditori.com\/index.php\/wp-json\/wp\/v2\/categories?post=2323"},{"taxonomy":"post_tag","embeddable":true,"href":"https:\/\/ditori.com\/index.php\/wp-json\/wp\/v2\/tags?post=2323"}],"curies":[{"name":"wp","href":"https:\/\/api.w.org\/{rel}","templated":true}]}}