{"id":2300,"date":"2024-11-27T18:59:55","date_gmt":"2024-11-27T18:59:55","guid":{"rendered":"https:\/\/ditori.com\/?p=2300"},"modified":"2024-11-27T18:59:55","modified_gmt":"2024-11-27T18:59:55","slug":"kurti-priti-ne-takim-mitrovicasin-arianit-besirin-i-sapo-zgjedhur-kryetar-i-komunes-ne-morbach-gjermani","status":"publish","type":"post","link":"https:\/\/ditori.com\/index.php\/2024\/11\/27\/kurti-priti-ne-takim-mitrovicasin-arianit-besirin-i-sapo-zgjedhur-kryetar-i-komunes-ne-morbach-gjermani\/","title":{"rendered":"Kurti priti n\u00eb takim mitrovicasin Arianit Besirin, i sapo zgjedhur kryetar i komun\u00ebs n\u00eb Morbach, Gjermani"},"content":{"rendered":"<p>Kryeministri i Albin Kurti, ka pritur n\u00eb takim Arianit Besirin, shqiptarin nga Mitrovica, i cili s\u00eb fundmi u zgjodh kryetar i komun\u00ebs n\u00eb Morbach, landin Rheinland-Pfalz t\u00eb Gjermanis\u00eb.<\/p>\n<p>Arianiti ishte vet\u00ebm 1-vje\u00e7ar kur ai dhe familja e tij u detyruan t\u00eb largohen nga Kosova dhe gjet\u00ebn strehim si refugjat\u00eb t\u00eb luft\u00ebs n\u00eb Gjermani.<\/p>\n<p>Kurti gjat\u00eb bashk\u00ebbisedimit vler\u00ebsoi rolin e m\u00ebrgat\u00ebs shqiptare n\u00eb vendet ku jetojn\u00eb.<\/p>\n<p>\u201cM\u00ebrgata jon\u00eb, p\u00ebrve\u00e7se e integruar mir\u00eb n\u00eb vendet ku banojn\u00eb, po jep nj\u00eb kontribut t\u00eb jasht\u00ebzakonsh\u00ebm n\u00eb jet\u00ebn shoq\u00ebrore, politike dhe ekonomike.\u201d<\/p>\n<p>\u201cKur e kuptova q\u00eb \u00ebsht\u00eb n\u00eb Kosov\u00eb, nuk mund t\u00eb mos e takoja dhe ta mir\u00ebprisja n\u00eb Kryeministri, p\u00ebr ta uruar dhe p\u00ebr ta siguruar p\u00ebr mb\u00ebshtetjen dhe bashk\u00ebpunimin e plot\u00eb\u201d u shpreh Kurti.<\/p>\n","protected":false},"excerpt":{"rendered":"<p>Kryeministri i Albin Kurti, ka pritur n\u00eb takim Arianit Besirin, shqiptarin nga Mitrovica, i cili s\u00eb fundmi u zgjodh kryetar i komun\u00ebs n\u00eb Morbach, landin Rheinland-Pfalz t\u00eb Gjermanis\u00eb. Arianiti ishte vet\u00ebm 1-vje\u00e7ar kur ai dhe familja e tij u detyruan t\u00eb largohen nga Kosova dhe gjet\u00ebn strehim si refugjat\u00eb t\u00eb luft\u00ebs n\u00eb Gjermani. Kurti gjat\u00eb [&hellip;]<\/p>\n","protected":false},"author":2,"featured_media":2301,"comment_status":"closed","ping_status":"open","sticky":false,"template":"","format":"standard","meta":{"footnotes":""},"categories":[1],"tags":[],"_links":{"self":[{"href":"https:\/\/ditori.com\/index.php\/wp-json\/wp\/v2\/posts\/2300"}],"collection":[{"href":"https:\/\/ditori.com\/index.php\/wp-json\/wp\/v2\/posts"}],"about":[{"href":"https:\/\/ditori.com\/index.php\/wp-json\/wp\/v2\/types\/post"}],"author":[{"embeddable":true,"href":"https:\/\/ditori.com\/index.php\/wp-json\/wp\/v2\/users\/2"}],"replies":[{"embeddable":true,"href":"https:\/\/ditori.com\/index.php\/wp-json\/wp\/v2\/comments?post=2300"}],"version-history":[{"count":1,"href":"https:\/\/ditori.com\/index.php\/wp-json\/wp\/v2\/posts\/2300\/revisions"}],"predecessor-version":[{"id":2302,"href":"https:\/\/ditori.com\/index.php\/wp-json\/wp\/v2\/posts\/2300\/revisions\/2302"}],"wp:featuredmedia":[{"embeddable":true,"href":"https:\/\/ditori.com\/index.php\/wp-json\/wp\/v2\/media\/2301"}],"wp:attachment":[{"href":"https:\/\/ditori.com\/index.php\/wp-json\/wp\/v2\/media?parent=2300"}],"wp:term":[{"taxonomy":"category","embeddable":true,"href":"https:\/\/ditori.com\/index.php\/wp-json\/wp\/v2\/categories?post=2300"},{"taxonomy":"post_tag","embeddable":true,"href":"https:\/\/ditori.com\/index.php\/wp-json\/wp\/v2\/tags?post=2300"}],"curies":[{"name":"wp","href":"https:\/\/api.w.org\/{rel}","templated":true}]}}