{"id":2212,"date":"2024-04-17T21:23:19","date_gmt":"2024-04-17T21:23:19","guid":{"rendered":"https:\/\/ditori.com\/?p=2212"},"modified":"2024-04-17T21:23:19","modified_gmt":"2024-04-17T21:23:19","slug":"serbia-mohon-gjithcka-i-paraqet-si-normale-vonesat-ne-kufi-i-kemi-forcuar-kontrollet-per-te-gjithe-udhetaret-po-bejne-panike","status":"publish","type":"post","link":"https:\/\/ditori.com\/index.php\/2024\/04\/17\/serbia-mohon-gjithcka-i-paraqet-si-normale-vonesat-ne-kufi-i-kemi-forcuar-kontrollet-per-te-gjithe-udhetaret-po-bejne-panike\/","title":{"rendered":"Serbia mohon gjith\u00e7ka, i paraqet si normale vonesat n\u00eb kufi: I kemi forcuar kontrollet p\u00ebr t\u00eb gjith\u00eb udh\u00ebtar\u00ebt, po b\u00ebjn\u00eb panik\u00eb"},"content":{"rendered":"<p>Gjat\u00eb dit\u00ebs qindra qytetar\u00eb t\u00eb Kosov\u00ebs jan\u00eb ndaluar n\u00eb Serbi teksa kishin hyr\u00eb p\u00ebr t\u00eb kaluar n\u00ebp\u00ebr shtete t\u00eb tjera t\u00eb Evrop\u00ebs. Kjo shkaktoi reagime nga Kosova dhe t\u00eb Bashkimit Evropian q\u00eb tha se Serbia po e shkel marr\u00ebveshjen p\u00ebr l\u00ebvizje t\u00eb lir\u00eb.<\/p>\n<p>Por, Ministria e Brendshme e Serbis\u00eb e ka mohuar q\u00eb ka pasur ndalim t\u00eb planifikuar duke i paraqitur si vonesa normale.<\/p>\n<p>P\u00ebrmes nj\u00eb komunikate thuhet se gjith\u00e7ka ka t\u00eb b\u00ebj\u00eb me \u00e7\u00ebshtje sigurie.<\/p>\n<p>\u201cMinistria e Pun\u00ebve t\u00eb Brendshme e Republik\u00ebs s\u00eb Serbis\u00eb lidhur me akuzat p\u00ebr ndalim t\u00eb autobus\u00ebve me shenja regjistrimi nga territori i Kosov\u00ebs n\u00eb vendkalimet kufitare, thekson se k\u00ebto akuza jan\u00eb t\u00eb pabaza dhe se policia nuk ka ndaluar ask\u00ebnd ose nuk ka penguar hyrjen kalimi i ndonj\u00eb qytetari nga territori i Kosov\u00ebs\u201d, thuhet n\u00eb njoftim.<\/p>\n<p>M\u00eb tutje thuhet se jan\u00eb duke u kryer vet\u00ebm kontrolle sigurie duke shtuar se qytetar\u00ebt e Kosov\u00ebs mund t\u00eb hyjn\u00eb pa u penguar.<\/p>\n<p>\u201cKontrolli i t\u00eb gjith\u00eb udh\u00ebtar\u00ebve n\u00eb vendkalimet kufitare \u00ebsht\u00eb duke u zhvilluar dhe po kryhen kontrolle t\u00eb siguris\u00eb, t\u00eb gjitha me q\u00ebllim rritjen e siguris\u00eb dhe siguris\u00eb s\u00eb qytetar\u00ebve, gj\u00eb q\u00eb mund t\u00eb shkaktoj\u00eb vonesa m\u00eb t\u00eb gjata n\u00eb vet\u00eb kalimin kufitar. Ministria e Pun\u00ebve t\u00eb Brendshme edhe nj\u00ebher\u00eb thekson se t\u00eb gjith\u00eb qytetar\u00ebve nga territori i Kosov\u00ebs u lejohet hyrja e pa penguar dhe refuzon fuqish\u00ebm insinuatat se atyre u ndalohet hyrja p\u00ebr shkak t\u00eb posedimit t\u00eb dokumenteve t\u00eb l\u00ebshuara nga institucionet e Kosov\u00ebs. I b\u00ebjm\u00eb thirrje autoriteteve n\u00eb Prishtin\u00eb q\u00eb t\u00eb mos p\u00ebrhapin panik dhe t\u00eb informojn\u00eb rrejsh\u00ebm publikun\u201d, thuhet n\u00eb njoftim.<\/p>\n","protected":false},"excerpt":{"rendered":"<p>Gjat\u00eb dit\u00ebs qindra qytetar\u00eb t\u00eb Kosov\u00ebs jan\u00eb ndaluar n\u00eb Serbi teksa kishin hyr\u00eb p\u00ebr t\u00eb kaluar n\u00ebp\u00ebr shtete t\u00eb tjera t\u00eb Evrop\u00ebs. Kjo shkaktoi reagime nga Kosova dhe t\u00eb Bashkimit Evropian q\u00eb tha se Serbia po e shkel marr\u00ebveshjen p\u00ebr l\u00ebvizje t\u00eb lir\u00eb. Por, Ministria e Brendshme e Serbis\u00eb e ka mohuar q\u00eb ka pasur [&hellip;]<\/p>\n","protected":false},"author":2,"featured_media":2213,"comment_status":"closed","ping_status":"open","sticky":false,"template":"","format":"standard","meta":{"footnotes":""},"categories":[6,1],"tags":[],"_links":{"self":[{"href":"https:\/\/ditori.com\/index.php\/wp-json\/wp\/v2\/posts\/2212"}],"collection":[{"href":"https:\/\/ditori.com\/index.php\/wp-json\/wp\/v2\/posts"}],"about":[{"href":"https:\/\/ditori.com\/index.php\/wp-json\/wp\/v2\/types\/post"}],"author":[{"embeddable":true,"href":"https:\/\/ditori.com\/index.php\/wp-json\/wp\/v2\/users\/2"}],"replies":[{"embeddable":true,"href":"https:\/\/ditori.com\/index.php\/wp-json\/wp\/v2\/comments?post=2212"}],"version-history":[{"count":1,"href":"https:\/\/ditori.com\/index.php\/wp-json\/wp\/v2\/posts\/2212\/revisions"}],"predecessor-version":[{"id":2214,"href":"https:\/\/ditori.com\/index.php\/wp-json\/wp\/v2\/posts\/2212\/revisions\/2214"}],"wp:featuredmedia":[{"embeddable":true,"href":"https:\/\/ditori.com\/index.php\/wp-json\/wp\/v2\/media\/2213"}],"wp:attachment":[{"href":"https:\/\/ditori.com\/index.php\/wp-json\/wp\/v2\/media?parent=2212"}],"wp:term":[{"taxonomy":"category","embeddable":true,"href":"https:\/\/ditori.com\/index.php\/wp-json\/wp\/v2\/categories?post=2212"},{"taxonomy":"post_tag","embeddable":true,"href":"https:\/\/ditori.com\/index.php\/wp-json\/wp\/v2\/tags?post=2212"}],"curies":[{"name":"wp","href":"https:\/\/api.w.org\/{rel}","templated":true}]}}