{"id":2209,"date":"2024-04-17T21:20:00","date_gmt":"2024-04-17T21:20:00","guid":{"rendered":"https:\/\/ditori.com\/?p=2209"},"modified":"2024-04-17T21:20:00","modified_gmt":"2024-04-17T21:20:00","slug":"shtyhet-hapja-e-ekspozites-grate-udheheqese-ne-fokus","status":"publish","type":"post","link":"https:\/\/ditori.com\/index.php\/2024\/04\/17\/shtyhet-hapja-e-ekspozites-grate-udheheqese-ne-fokus\/","title":{"rendered":"Shtyhet hapja e ekspozit\u00ebs \u201cGrat\u00eb udh\u00ebheq\u00ebse n\u00eb fokus\u201d"},"content":{"rendered":"<p><strong>P\u00ebr shkak t\u00eb rasteve t\u00eb fundit t\u00eb femicidit dhe shpalljes dit\u00eb zie shtet\u00ebrore hapja e ekspozit\u00ebs\u00a0\u201cGrat\u00eb udh\u00ebheq\u00ebse n\u00eb fokus\u201d shtyhet me dat\u00eb 18 prill 2024, prej or\u00ebs 18.00h, n\u00eb Qendr\u00ebn Barabar.<\/strong><\/p>\n<p>Q\u00ebllimi i k\u00ebsaj ekspozite \u00ebsht\u00eb t\u2019i shtjelloj\u00eb nuancat e pozit\u00ebs s\u00eb grave n\u00eb Kosov\u00eb dhe t\u2019i shpalos\u00eb, \u00e7moj\u00eb dhe njoh\u00eb kontributet e tyre t\u00eb shum\u00ebllojshme n\u00ebp\u00ebr aspekte t\u00eb ndryshme t\u00eb shoq\u00ebris\u00eb, duke sh\u00ebrbyer k\u00ebshtu edhe si burim frym\u00ebzimi p\u00ebr shum\u00eb gra t\u00eb reja n\u00eb Kosov\u00eb.<\/p>\n<p>Th\u00ebniet e tyre frym\u00ebzuese do rrjedhin me shiritin e verdh\u00eb t\u00eb lidershipit q\u00eb karakterizohet nga stili inovativ, vlerat kreative dhe mendimet jasht\u00eb kutis\u00eb. Nga Majlinda tek Edita, nga Feridja tek Hiljminjeta, nga Kaqusha tek Teuta, nga Gordana tek Mirjeta e nga Mimoza tek Jeta, kemi shum\u00eb p\u00ebr t\u00eb m\u00ebsuar, p\u00ebr t\u2019u frym\u00ebzuar, dhe p\u00ebr t\u2019u krenuar.<\/p>\n","protected":false},"excerpt":{"rendered":"<p>P\u00ebr shkak t\u00eb rasteve t\u00eb fundit t\u00eb femicidit dhe shpalljes dit\u00eb zie shtet\u00ebrore hapja e ekspozit\u00ebs\u00a0\u201cGrat\u00eb udh\u00ebheq\u00ebse n\u00eb fokus\u201d shtyhet me dat\u00eb 18 prill 2024, prej or\u00ebs 18.00h, n\u00eb Qendr\u00ebn Barabar. Q\u00ebllimi i k\u00ebsaj ekspozite \u00ebsht\u00eb t\u2019i shtjelloj\u00eb nuancat e pozit\u00ebs s\u00eb grave n\u00eb Kosov\u00eb dhe t\u2019i shpalos\u00eb, \u00e7moj\u00eb dhe njoh\u00eb kontributet e tyre t\u00eb [&hellip;]<\/p>\n","protected":false},"author":2,"featured_media":2210,"comment_status":"closed","ping_status":"open","sticky":false,"template":"","format":"standard","meta":{"footnotes":""},"categories":[4],"tags":[],"_links":{"self":[{"href":"https:\/\/ditori.com\/index.php\/wp-json\/wp\/v2\/posts\/2209"}],"collection":[{"href":"https:\/\/ditori.com\/index.php\/wp-json\/wp\/v2\/posts"}],"about":[{"href":"https:\/\/ditori.com\/index.php\/wp-json\/wp\/v2\/types\/post"}],"author":[{"embeddable":true,"href":"https:\/\/ditori.com\/index.php\/wp-json\/wp\/v2\/users\/2"}],"replies":[{"embeddable":true,"href":"https:\/\/ditori.com\/index.php\/wp-json\/wp\/v2\/comments?post=2209"}],"version-history":[{"count":1,"href":"https:\/\/ditori.com\/index.php\/wp-json\/wp\/v2\/posts\/2209\/revisions"}],"predecessor-version":[{"id":2211,"href":"https:\/\/ditori.com\/index.php\/wp-json\/wp\/v2\/posts\/2209\/revisions\/2211"}],"wp:featuredmedia":[{"embeddable":true,"href":"https:\/\/ditori.com\/index.php\/wp-json\/wp\/v2\/media\/2210"}],"wp:attachment":[{"href":"https:\/\/ditori.com\/index.php\/wp-json\/wp\/v2\/media?parent=2209"}],"wp:term":[{"taxonomy":"category","embeddable":true,"href":"https:\/\/ditori.com\/index.php\/wp-json\/wp\/v2\/categories?post=2209"},{"taxonomy":"post_tag","embeddable":true,"href":"https:\/\/ditori.com\/index.php\/wp-json\/wp\/v2\/tags?post=2209"}],"curies":[{"name":"wp","href":"https:\/\/api.w.org\/{rel}","templated":true}]}}