{"id":2173,"date":"2024-04-06T01:49:58","date_gmt":"2024-04-06T01:49:58","guid":{"rendered":"https:\/\/ditori.com\/?p=2173"},"modified":"2024-04-06T01:49:58","modified_gmt":"2024-04-06T01:49:58","slug":"ish-islamofobi-hollandez-i-bere-musliman-cili-citat-kuranor-e-shkundi","status":"publish","type":"post","link":"https:\/\/ditori.com\/index.php\/2024\/04\/06\/ish-islamofobi-hollandez-i-bere-musliman-cili-citat-kuranor-e-shkundi\/","title":{"rendered":"Ish-islamofobi hollandez i b\u00ebr\u00eb musliman: cili citat kuranor e shkundi?"},"content":{"rendered":"<p>Joram van Klaveren luajti nj\u00eb rol ky\u00e7 n\u00eb Partin\u00eb Holandeze t\u00eb Liris\u00eb s\u00eb ekstremit t\u00eb djatht\u00eb t\u00eb Geert Wilders, por, pasi u konvertua n\u00eb Islam, tani kund\u00ebrshton n\u00eb m\u00ebnyr\u00eb aktive politikat e saj.<\/p>\n<p>Klaveren dikur ishte dora e djatht\u00eb e Geert Wilders; ai shkroi letra t\u00eb Partis\u00eb s\u00eb Liris\u00eb q\u00eb e p\u00ebrshkruan Islamin si nj\u00eb \u201cg\u00ebnjesht\u00ebr\u201d dhe mbrojti ndalimin e Kuranit dhe xhamive n\u00eb Holand\u00eb, por sot ai po punon n\u00eb m\u00ebnyr\u00eb aktive p\u00ebr t\u00eb hedhur posht\u00eb t\u00eb gjitha g\u00ebnjeshtrat rreth Islamit q\u00eb ai propagandoi m\u00eb par\u00eb.<\/p>\n<p>Duke komentuar rolin e tij t\u00eb m\u00ebparsh\u00ebm, ai tha n\u00eb nj\u00eb intervist\u00eb p\u00ebr gazet\u00ebn britanike The Guardian:\u00a0<em>\u201cMjetet q\u00eb kam zhvilluar p\u00ebr ta jan\u00eb ende atje\u2026 Ata ende po i p\u00ebrdorin ato. Fjal\u00eb p\u00ebr fjal\u00eb i d\u00ebgjoj ata t\u00eb thon\u00eb gj\u00ebra q\u00eb kam sajuar un\u00eb.\u201d<\/em><\/p>\n<p><em>\u201cKam punuar p\u00ebr t\u00eb p\u00ebrhapur politik\u00ebn anti-islame p\u00ebr 12 vjet, k\u00ebshtu q\u00eb m\u00eb duhet t\u00eb punoj p\u00ebr ta hedhur posht\u00eb at\u00eb histori p\u00ebr t\u00eb pakt\u00ebn 12 vjet, n\u00eb m\u00ebnyr\u00eb q\u00eb t\u00eb them se e kam shlyer m\u00ebkatin tim<\/em>\u201d, tha Klaveren.<\/p>\n<p>Burri, i cili u rrit n\u00eb nj\u00eb familje protestante thell\u00ebsisht fetare n\u00eb Amsterdam, tha se urrejtja e tij ndaj Islamit ishte ndikuar nga kisha t\u00eb cil\u00ebs i p\u00ebrkiste. Ky pozicion u forcua pas sulmeve t\u00eb 11 shtatorit dhe vrasjes s\u00eb regjisorit Theo van Gogh nga nj\u00eb xhihadist i vet\u00ebshpallur, duke b\u00ebr\u00eb q\u00eb Klaveren t\u2019i bashkohej partis\u00eb s\u00eb Wildersit n\u00eb 2010.<\/p>\n<p>Ai shpejt u ngrit n\u00eb grada pasi b\u00ebri gjith\u00e7ka q\u00eb mundi p\u00ebr t\u00eb ndaluar xhamit\u00eb, Kuranin, mbylljen e shkollave islame dhe ndalimin e gjuh\u00ebs arabe n\u00eb vende publike, gj\u00eb q\u00eb ai thot\u00eb se ishte gj\u00ebja e duhur p\u00ebr t\u2019u b\u00ebr\u00eb.<\/p>\n<p>Klaveren u nda me Wilders n\u00eb 2014 pasi ky i fundit filloi t\u00eb mbroj\u00eb racizmin kund\u00ebr holandez\u00ebve me origjin\u00eb marokene n\u00eb nj\u00eb fjalim, k\u00ebshtu q\u00eb ai themeloi partin\u00eb e tij, por nuk arriti t\u00eb fitonte asnj\u00eb vend n\u00eb zgjedhjet komb\u00ebtare, k\u00ebshtu q\u00eb vendosi t\u00eb largohej nga politika dhe n\u00eb vend t\u00eb k\u00ebsaj t\u2019i kushtohej t\u00eb shkruarit t\u00eb nj\u00eb libri n\u00eb t\u00eb cilin do t\u00eb ekspozonte k\u00ebrc\u00ebnimin e paraqitur nga Islami.<\/p>\n<p><strong>Studimi i Islamit<\/strong><\/p>\n<p>Por ai mision e shtyu at\u00eb t\u00eb studionte m\u00eb thell\u00eb Islamin dhe ai u magjeps gjithnj\u00eb e m\u00eb shum\u00eb nga kjo fe.<\/p>\n<p>K\u00ebshtu ai mblodhi disa v\u00ebllime dhe i vendosi n\u00eb nj\u00eb raft, gj\u00eb q\u00eb b\u00ebri t\u00eb shembej rafti, ku prej tij ran\u00eb librat, mes tyre edhe Kurani. M\u00eb pas mori Kuranin dhe vuri re se po mbante gishtin mbi p\u00ebrkthimin e mendimit kuranor:\u00a0<em>\u201cNuk verbohen syt\u00eb, por zemra \u00ebsht\u00eb n\u00eb kraharor\u201d.<\/em>\u00a0(El-Haxh 46).<\/p>\n<p>Mendova, thot\u00eb ai, me vete: \u201c<em>Epo, po, ky \u00ebsht\u00eb problemi im\u201d.<\/em><\/p>\n<p><em>\u00a0<\/em>The Guardian raporton se Klaveren njoftoi konvertimin e tij n\u00eb Islam n\u00eb vitin 2019, pasi nj\u00eb imam vendas e inkurajoi at\u00eb dhe i shpjegoi se kjo ishte nj\u00eb mund\u00ebsi p\u00ebr t\u00eb q\u00eb t\u00eb korrigjonte keqb\u00ebrjen e tij t\u00eb m\u00ebparshme, duke i th\u00ebn\u00eb: \u201c<em>Ti ke nj\u00eb p\u00ebrgjegj\u00ebsi, sepse ti n\u00eb t\u00eb kaluar\u00ebn ke nxitur urrejtje\u201d.<\/em><\/p>\n<p>Sa i p\u00ebrket reagimit t\u00eb publikut holandez ndaj lajmit, Klaveren thot\u00eb se ata q\u00eb e votuan jan\u00eb ndjer\u00eb t\u00eb zhg\u00ebnjyer, duke u ndjer\u00eb t\u00eb tradhtuar.<\/p>\n<p>Ai shtoi se kishte marr\u00eb dy mij\u00eb k\u00ebrc\u00ebnime, duke p\u00ebrfshir\u00eb k\u00ebrc\u00ebnimet p\u00ebr t\u00eb vrar\u00eb f\u00ebmij\u00ebt e tij. \u201c<em>Ishte jasht\u00ebzakonisht e rrezikshme. Njer\u00ebzit m\u00eb thoshin se do t\u00eb m\u00eb p\u00ebrdhunonin gruan dhe do t\u00eb vrisnin f\u00ebmij\u00ebt e mi dhe m\u00eb d\u00ebrguan edhe adres\u00ebn e shkoll\u00ebs q\u00eb f\u00ebmij\u00ebt ndjekin p\u00ebr t\u00eb m\u00eb frik\u00ebsuar\u201d,<\/em>\u00a0thot\u00eb Klaveren.<\/p>\n<p>Tensionet m\u00eb von\u00eb u leht\u00ebsuan, duke i dh\u00ebn\u00eb hap\u00ebsir\u00eb \u200b\u200bKlaveren p\u00ebr t\u00eb reflektuar mbi t\u00eb gjitha gabimet e tij t\u00eb m\u00ebparshme.<\/p>\n<p><strong>P\u00ebrvoja islame<\/strong><\/p>\n<p>N\u00eb vitin 2020, ai u bashkua me disa me synimin p\u00ebr t\u00eb krijuar nj\u00eb fondacion musliman n\u00eb Holand\u00eb q\u00eb do t\u2019i prezantoj\u00eb njer\u00ebzit me Islamin dhe historin\u00eb e tij.<\/p>\n<p>Pasi vizitoi m\u00eb shum\u00eb se 200 shkolla, fondacioni hapi nj\u00eb muze n\u00eb Roterdam t\u00eb quajtur Qendra e P\u00ebrvoj\u00ebs Islame n\u00eb qershor 2023.<\/p>\n<p><em>\u201cQ\u00ebllimi i tij kryesor \u00ebsht\u00eb t\u00eb shp\u00ebrndaj\u00eb keqkuptimet dhe t\u00eb promovoj\u00eb ndjeshm\u00ebrin\u00eb,\u201d<\/em>\u00a0thot\u00eb ai.<em>\u00a0\u201cKur kam qen\u00eb n\u00eb Partin\u00eb e Liris\u00eb, gjithmon\u00eb kemi th\u00ebn\u00eb se Islami \u00ebsht\u00eb i huaj k\u00ebtu dhe nuk ka lidhje me Evrop\u00ebn. Por n\u00ebse i kthehemi shembullit t\u00eb Spanj\u00ebs (Andaluzis\u00eb), do t\u00eb shohim se nj\u00eb pretendim i till\u00eb \u00ebsht\u00eb absurditet i thjesht\u00eb\u201d.<\/em><\/p>\n<p>I pyetur n\u00ebse ndjente faj apo pendim p\u00ebr veprimet e tij gjat\u00eb koh\u00ebs n\u00eb Partin\u00eb e Liris\u00eb, Klaveren tha:\u00a0<em>\u201cSigurisht q\u00eb m\u00eb vjen turp p\u00ebr gjith\u00e7ka q\u00eb thash\u00eb. Un\u00eb kisha plane, por Zoti kishte planin e Tij p\u00ebr mua, k\u00ebshtu q\u00eb Ai e ktheu jet\u00ebn time n\u00eb nj\u00eb drejtim tjet\u00ebr.\u201d<\/em><\/p>\n<p>Nd\u00ebrsa vendet n\u00eb t\u00eb gjith\u00eb Evrop\u00ebn p\u00ebrpiqen t\u00eb kund\u00ebrshtojn\u00eb ngritjen e s\u00eb djatht\u00ebs ekstreme, Klaveren po b\u00ebn thirrje p\u00ebr p\u00ebrgjigje \u201ct\u00eb menduara\u201d, duke p\u00ebrmendur si shembull incidentin n\u00eb qytetin holandez t\u00eb Arnhemit, ku udh\u00ebheq\u00ebsi i l\u00ebvizjes anti-muslimane Pegida organizoi nj\u00eb akt djegieje Kurani.<\/p>\n<p>Organizatat islame iu p\u00ebrgjigj\u00ebn atij akti duke shp\u00ebrndar\u00eb kopje falas t\u00eb Kuranit p\u00ebr t\u00eb gjitha pal\u00ebt e interesuara. Ai tha: \u201c<em>Sa her\u00eb q\u00eb djegin nj\u00eb Kuran, ne shp\u00ebrndajm\u00eb nj\u00eb mij\u00eb\u201d.<\/em>\u00a0Duke qeshur, ai shtoi:\u00a0<em>\u201cPrandaj, nuk jam i sigurt se l\u00ebvizja do ta djeg\u00eb m\u00eb Kuranin\u201d.\u00a0<\/em>\/tesheshi.com<\/p>\n","protected":false},"excerpt":{"rendered":"<p>Joram van Klaveren luajti nj\u00eb rol ky\u00e7 n\u00eb Partin\u00eb Holandeze t\u00eb Liris\u00eb s\u00eb ekstremit t\u00eb djatht\u00eb t\u00eb Geert Wilders, por, pasi u konvertua n\u00eb Islam, tani kund\u00ebrshton n\u00eb m\u00ebnyr\u00eb aktive politikat e saj. Klaveren dikur ishte dora e djatht\u00eb e Geert Wilders; ai shkroi letra t\u00eb Partis\u00eb s\u00eb Liris\u00eb q\u00eb e p\u00ebrshkruan Islamin si nj\u00eb [&hellip;]<\/p>\n","protected":false},"author":2,"featured_media":2174,"comment_status":"closed","ping_status":"open","sticky":false,"template":"","format":"standard","meta":{"footnotes":""},"categories":[16,1],"tags":[],"_links":{"self":[{"href":"https:\/\/ditori.com\/index.php\/wp-json\/wp\/v2\/posts\/2173"}],"collection":[{"href":"https:\/\/ditori.com\/index.php\/wp-json\/wp\/v2\/posts"}],"about":[{"href":"https:\/\/ditori.com\/index.php\/wp-json\/wp\/v2\/types\/post"}],"author":[{"embeddable":true,"href":"https:\/\/ditori.com\/index.php\/wp-json\/wp\/v2\/users\/2"}],"replies":[{"embeddable":true,"href":"https:\/\/ditori.com\/index.php\/wp-json\/wp\/v2\/comments?post=2173"}],"version-history":[{"count":1,"href":"https:\/\/ditori.com\/index.php\/wp-json\/wp\/v2\/posts\/2173\/revisions"}],"predecessor-version":[{"id":2175,"href":"https:\/\/ditori.com\/index.php\/wp-json\/wp\/v2\/posts\/2173\/revisions\/2175"}],"wp:featuredmedia":[{"embeddable":true,"href":"https:\/\/ditori.com\/index.php\/wp-json\/wp\/v2\/media\/2174"}],"wp:attachment":[{"href":"https:\/\/ditori.com\/index.php\/wp-json\/wp\/v2\/media?parent=2173"}],"wp:term":[{"taxonomy":"category","embeddable":true,"href":"https:\/\/ditori.com\/index.php\/wp-json\/wp\/v2\/categories?post=2173"},{"taxonomy":"post_tag","embeddable":true,"href":"https:\/\/ditori.com\/index.php\/wp-json\/wp\/v2\/tags?post=2173"}],"curies":[{"name":"wp","href":"https:\/\/api.w.org\/{rel}","templated":true}]}}