{"id":2043,"date":"2023-11-18T22:43:05","date_gmt":"2023-11-18T22:43:05","guid":{"rendered":"https:\/\/ditori.com\/?p=2043"},"modified":"2023-11-18T22:43:05","modified_gmt":"2023-11-18T22:43:05","slug":"deklarata-e-zelenskyt-shba-agresioni-rus-ndaj-ukraines-ve-ne-pah-urgjencen-per-te-ndihmuar-ballkanin-perendimor","status":"publish","type":"post","link":"https:\/\/ditori.com\/index.php\/2023\/11\/18\/deklarata-e-zelenskyt-shba-agresioni-rus-ndaj-ukraines-ve-ne-pah-urgjencen-per-te-ndihmuar-ballkanin-perendimor\/","title":{"rendered":"Deklarata e Zelenskyt, SHBA: Agresioni rus ndaj Ukrain\u00ebs v\u00eb n\u00eb pah urgjenc\u00ebn p\u00ebr t\u00eb ndihmuar Ballkanin Per\u00ebndimor"},"content":{"rendered":"<p><strong>Agresioni i Rusis\u00eb n\u00eb Ukrain\u00eb v\u00eb n\u00eb pah urgjenc\u00ebn dhe r\u00ebnd\u00ebsin\u00eb e pun\u00ebs s\u00eb Uashingtonit p\u00ebr t\u00eb ndihmuar shtetet e Ballkanit Per\u00ebndimor q\u00eb t\u00eb arrijn\u00eb aspiratat e tyre p\u00ebr integrim evropian dhe an\u00ebtar\u00ebsim n\u00eb institucionet euroatlantike.<\/strong><\/p>\n<p>K\u00ebshtu tha nj\u00eb z\u00ebdh\u00ebn\u00ebs i Departamentit amerikan t\u00eb Shtetit p\u00ebr Radion Evropa e Lir\u00eb n\u00eb pyetjen n\u00ebse SHBA-ja ndan shqet\u00ebsimin me Bashkimin Evropian sa i p\u00ebrket nj\u00eb deklarate t\u00eb b\u00ebr\u00eb nga presidenti ukrainas, Volodymyr Zelensky, i cili ka th\u00ebn\u00eb se Moska d\u00ebshiron t\u00eb nxis\u00eb konflikt n\u00eb Ballkanin Per\u00ebndimor.<\/p>\n<p>\u201cShtetet e Ballkanit Per\u00ebndimor dhe t\u00eb gjitha shtetet n\u00eb Evrop\u00eb, kan\u00eb nj\u00eb interes t\u00eb madh n\u00eb rezultatin e luft\u00ebs s\u00eb Rusis\u00eb kund\u00ebr Ukrain\u00ebs, luft\u00eb q\u00eb k\u00ebrc\u00ebnon themelet e rendit dhe siguris\u00eb nd\u00ebrkomb\u00ebtare. Prandaj, \u00ebsht\u00eb thelb\u00ebsore q\u00eb ne t\u00eb vazhdojm\u00eb t\u00eb q\u00ebndrojm\u00eb s\u00eb bashku p\u00ebrball\u00eb agresionit t\u00eb Rusis\u00eb\u201d, tha z\u00ebdh\u00ebn\u00ebsi i DASH-it.<\/p>\n<p>M\u00eb her\u00ebt gjat\u00eb jav\u00ebs, Zelensky deklaroi p\u00ebr mediat afrikane se ai ka prova t\u00eb synimeve t\u00eb Mosk\u00ebs p\u00ebr t\u00eb nisur nj\u00eb luft\u00eb midis shteteve t\u00eb Ballkanit Per\u00ebndimor.<\/p>\n<p>\u201cKushtojini v\u00ebmendje Ballkanit. M\u00eb besoni, ne po marrim informacione. Rusia ka nj\u00eb plan t\u00eb gjat\u00eb. [S\u00eb pari kemi pasur] Lindjen e Mesme \u2013 shp\u00ebrqendrimi i dyt\u00eb do t\u00eb jet\u00eb Ballkani\u201d, tha Zelensky m\u00eb 15 n\u00ebntor.<\/p>\n<p>\u201cRaportet e tyre [t\u00eb shteteve t\u00eb Ballkanit Per\u00ebndimor] jan\u00eb n\u00eb kriz\u00eb q\u00eb nj\u00eb koh\u00eb t\u00eb gjat\u00eb. Prandaj, Rusia do t\u00eb investoj\u00eb q\u00eb t\u00eb sigurohet q\u00eb nj\u00eb shtet i Ballkanit [do t\u00eb jet\u00eb] n\u00eb luft\u00eb me nj\u00eb shtet tjet\u00ebr\u201d, shtoi ai.<\/p>\n<p>P\u00ebr synimet e tilla t\u00eb Mosk\u00ebs u pajtua edhe BE-ja. Z\u00ebdh\u00ebn\u00ebs i BE-s\u00eb, Peter Stano deklaroi se blloku p\u00ebr nj\u00eb koh\u00eb t\u00eb gjat\u00eb ka th\u00ebn\u00eb se Rusia po b\u00ebn p\u00ebrpjekje p\u00ebr t\u00eb ushtruar ndikim malinj edhe n\u00eb Ballkanin Per\u00ebndimor.<\/p>\n<p>\u201cPra, po, ky \u00ebsht\u00eb shqet\u00ebsimi q\u00eb ne e ndajm\u00eb dhe ky nuk \u00ebsht\u00eb shqet\u00ebsim i ri, por shqet\u00ebsim q\u00eb ka qen\u00eb me ne p\u00ebr nj\u00eb koh\u00eb. Ne n\u00eb k\u00ebt\u00eb pik\u00eb pajtohemi me presidentin e Ukrain\u00ebs dhe e dim\u00eb q\u00eb Rusia po b\u00ebn gjith\u00e7ka q\u00eb mundet q\u00eb t\u00eb mbjell\u00eb pak\u00ebnaq\u00ebsi, jo stabilitet politik, ndikim t\u00eb huaj, manipulim informatash dhe tjera\u201d, deklaroi Stano t\u00eb premten, m\u00eb 17 n\u00ebntor.<\/p>\n<p>DASH tha se Uashingtoni po punon me shtetet e Ballkanit Per\u00ebndimor dhe me partner\u00ebt evropian\u00eb, q\u00eb t\u00eb avancohet qeverisja, sundimi i rendit dhe ligjit dhe t\u00eb kryen reformat kund\u00ebr korrupsionit \u201cq\u00eb do t\u00eb pak\u00ebsojn\u00eb mund\u00ebsin\u00eb p\u00ebr ndikimin malinj rus dhe t\u00eb sjellin paqe afatgjat\u00eb, stabilitet dhe prosperitet p\u00ebr rajonin\u201d.<\/p>\n<p>\u201cSanksionet e shpallura nga Departamenti i Shtetit dhe i Thesarit t\u00eb enjten synojn\u00eb pik\u00ebrisht k\u00ebt\u00eb problem, nd\u00ebrlidhjen e ndikimit malinj rus dhe korrupsionit. Q\u00eb t\u00eb dyja k\u00ebto pengojn\u00eb p\u00ebrpjekjet e rajonit p\u00ebr t\u00eb l\u00ebvizur drejt an\u00ebtar\u00ebsimit n\u00eb BE dhe drejt nj\u00eb t\u00eb ardhme m\u00eb prosperuese\u201d, tha z\u00ebdh\u00ebn\u00ebsi i DASH-it n\u00eb p\u00ebrgjigjen d\u00ebrguar Radios Evropa e Lir\u00eb.<\/p>\n<p>Ai iu referua sanksionimit t\u00eb dhjet\u00eb personave dhe disa kompanive nga Ballkani Per\u00ebndimor t\u00eb lidhur me ndikimin e Kremlinit n\u00eb rajon. N\u00eb mesin e tyre jan\u00eb Savo Cvijetinoviq, Petar Gjokiq dhe Dushko Peroviq nga Bosnja e Hercegovina; Miodrag Davidoviq dhe Branisllav Miqunoviq nga Mali i Zi; Ratka Kunoska Kamceva, Irina Samsonenko dhe Sergey Samsonenko nga Maqedonia e Veriut; dhe Misha Vaciq e Nenad Popoviq nga Serbia.<\/p>\n<p>Edhe n\u00eb t\u00eb kaluar\u00ebn, SHBA-ja ka sanksionuar individ\u00eb n\u00eb Ballkanin Per\u00ebndimor p\u00ebr lidhjet e tyre me Rusin\u00eb.<\/p>\n<p>Rusia ka nisur pushtimin e paprovokuar t\u00eb Ukrain\u00ebs n\u00eb shkurtin e vitit t\u00eb kaluar. P\u00ebrve\u00e7 Serbis\u00eb, t\u00eb gjitha shtetet e tjera t\u00eb Ballkanit Per\u00ebndimor, u jan\u00eb bashkuar sanksioneve evropiane t\u00eb vendosura ndaj Mosk\u00ebs p\u00ebr shkak t\u00eb luft\u00ebs ndaj Kievit. Nd\u00eb<\/p>\n<p>Autoritetet n\u00eb Kosov\u00eb n\u00eb t\u00eb kaluar\u00ebn kan\u00eb akuzuar Rusin\u00eb se po e nxit aleaten e saj, Serbin\u00eb, q\u00eb t\u00eb destabilizoj\u00eb Kosov\u00ebn. Por, k\u00ebto akuza jan\u00eb hedhur posht\u00eb nga Moska.<\/p>\n<p>Po ashtu, pas sulmit ndaj Policis\u00eb s\u00eb Kosov\u00ebs n\u00eb Banjsk\u00eb t\u00eb Zve\u00e7anit n\u00eb shtator, ministri i Pun\u00ebve t\u00eb Brendshme t\u00eb Kosov\u00ebs, Xhelal Sve\u00e7la, ka deklaruar se autoritetet po hetojn\u00eb p\u00ebrfshirjen e mundshme t\u00eb Rusis\u00eb n\u00eb k\u00ebt\u00eb sulm, q\u00eb Kosova e konsideron terrorist dhe e faj\u00ebson Serbin\u00eb p\u00ebr t\u00eb.<\/p>\n<p>Sve\u00e7la ka deklaruar se arm\u00eb ruse dhe dokumente t\u00eb tjera q\u00eb jan\u00eb gjetur n\u00eb Banjsk\u00eb, sugjerojn\u00eb p\u00ebr p\u00ebrfshirjen ruse n\u00eb sulmin ku u vra nj\u00eb polic i Kosov\u00ebs. Gjat\u00eb p\u00ebrleshjeve u vran\u00eb edhe tre sulmues serb\u00eb.\/REL<\/p>\n","protected":false},"excerpt":{"rendered":"<p>Agresioni i Rusis\u00eb n\u00eb Ukrain\u00eb v\u00eb n\u00eb pah urgjenc\u00ebn dhe r\u00ebnd\u00ebsin\u00eb e pun\u00ebs s\u00eb Uashingtonit p\u00ebr t\u00eb ndihmuar shtetet e Ballkanit Per\u00ebndimor q\u00eb t\u00eb arrijn\u00eb aspiratat e tyre p\u00ebr integrim evropian dhe an\u00ebtar\u00ebsim n\u00eb institucionet euroatlantike. K\u00ebshtu tha nj\u00eb z\u00ebdh\u00ebn\u00ebs i Departamentit amerikan t\u00eb Shtetit p\u00ebr Radion Evropa e Lir\u00eb n\u00eb pyetjen n\u00ebse SHBA-ja ndan [&hellip;]<\/p>\n","protected":false},"author":2,"featured_media":2044,"comment_status":"open","ping_status":"open","sticky":false,"template":"","format":"standard","meta":{"footnotes":""},"categories":[6,1],"tags":[],"_links":{"self":[{"href":"https:\/\/ditori.com\/index.php\/wp-json\/wp\/v2\/posts\/2043"}],"collection":[{"href":"https:\/\/ditori.com\/index.php\/wp-json\/wp\/v2\/posts"}],"about":[{"href":"https:\/\/ditori.com\/index.php\/wp-json\/wp\/v2\/types\/post"}],"author":[{"embeddable":true,"href":"https:\/\/ditori.com\/index.php\/wp-json\/wp\/v2\/users\/2"}],"replies":[{"embeddable":true,"href":"https:\/\/ditori.com\/index.php\/wp-json\/wp\/v2\/comments?post=2043"}],"version-history":[{"count":1,"href":"https:\/\/ditori.com\/index.php\/wp-json\/wp\/v2\/posts\/2043\/revisions"}],"predecessor-version":[{"id":2045,"href":"https:\/\/ditori.com\/index.php\/wp-json\/wp\/v2\/posts\/2043\/revisions\/2045"}],"wp:featuredmedia":[{"embeddable":true,"href":"https:\/\/ditori.com\/index.php\/wp-json\/wp\/v2\/media\/2044"}],"wp:attachment":[{"href":"https:\/\/ditori.com\/index.php\/wp-json\/wp\/v2\/media?parent=2043"}],"wp:term":[{"taxonomy":"category","embeddable":true,"href":"https:\/\/ditori.com\/index.php\/wp-json\/wp\/v2\/categories?post=2043"},{"taxonomy":"post_tag","embeddable":true,"href":"https:\/\/ditori.com\/index.php\/wp-json\/wp\/v2\/tags?post=2043"}],"curies":[{"name":"wp","href":"https:\/\/api.w.org\/{rel}","templated":true}]}}