{"id":1932,"date":"2023-09-24T08:12:31","date_gmt":"2023-09-24T08:12:31","guid":{"rendered":"https:\/\/ditori.com\/?p=1932"},"modified":"2023-09-24T08:14:29","modified_gmt":"2023-09-24T08:14:29","slug":"plot-38-vite-karriere-rapsodi-fatmir-bajraj-i-kendoi-dhe-vazhdon-ti-kendoi-atdheut","status":"publish","type":"post","link":"https:\/\/ditori.com\/index.php\/2023\/09\/24\/plot-38-vite-karriere-rapsodi-fatmir-bajraj-i-kendoi-dhe-vazhdon-ti-kendoi-atdheut\/","title":{"rendered":"Plot 38 vite karrier\u00eb rapsodi Fatmir Bajraj i k\u00ebndoi dhe vazhdon t&#8217;i k\u00ebndoi atdheut"},"content":{"rendered":"<p>Tashm\u00eb e 38 vite rapsodi i mi\u00ebnjohur shqiptar Fatmir Bajraj i k\u00ebnoi k\u00ebng\u00ebs shqipe dhe atdheut. Fatmiri si i ri nisi hapat e par\u00eb drejt nj\u00eb karriere t\u00eb bujshme folklorike. K\u00ebnga e tij jehoi n\u00eb t\u00eb gjith\u00eb trojet shqiptare anemban\u00eb madje edhe n\u00eb t\u00ebr\u00eb diaspor\u00ebn shqiptare.<\/p>\n<p>P\u00ebr nder t\u00eb 38 vjetorit t\u00eb karrier\u00ebs Komuna e Skenderajit ndau mir\u00ebnjohje p\u00ebr kontributin e dh\u00ebn\u00eb n\u00eb folklor t\u00ebr\u00eb k\u00ebto vite. Mir\u00ebnjohjen e ndau kryetari i Komun\u00ebs z.Fadil Nura. Por, nuk mbaroi me kaq sepse dekorat\u00eb nderi ndau p\u00ebr rapsodin edhe gjenerali z.Sami Lushtaku.<\/p>\n<p><img loading=\"lazy\" decoding=\"async\" class=\"alignnone size-medium wp-image-1933\" src=\"https:\/\/ditori.com\/wp-content\/uploads\/2023\/09\/381479359_624092763255376_6037071924319654090_n-e1695542754570-252x300.jpg\" alt=\"\" width=\"252\" height=\"300\" srcset=\"https:\/\/ditori.com\/wp-content\/uploads\/2023\/09\/381479359_624092763255376_6037071924319654090_n-e1695542754570-252x300.jpg 252w, https:\/\/ditori.com\/wp-content\/uploads\/2023\/09\/381479359_624092763255376_6037071924319654090_n-e1695542754570-861x1024.jpg 861w, https:\/\/ditori.com\/wp-content\/uploads\/2023\/09\/381479359_624092763255376_6037071924319654090_n-e1695542754570-768x914.jpg 768w, https:\/\/ditori.com\/wp-content\/uploads\/2023\/09\/381479359_624092763255376_6037071924319654090_n-e1695542754570-696x828.jpg 696w, https:\/\/ditori.com\/wp-content\/uploads\/2023\/09\/381479359_624092763255376_6037071924319654090_n-e1695542754570.jpg 933w\" sizes=\"(max-width: 252px) 100vw, 252px\" \/>\u00a0 <img loading=\"lazy\" decoding=\"async\" class=\"alignnone size-medium wp-image-1934\" src=\"https:\/\/ditori.com\/wp-content\/uploads\/2023\/09\/381019206_885284256467680_6346402023255905015_n-e1695542902220-300x172.jpg\" alt=\"\" width=\"300\" height=\"172\" srcset=\"https:\/\/ditori.com\/wp-content\/uploads\/2023\/09\/381019206_885284256467680_6346402023255905015_n-e1695542902220-300x172.jpg 300w, https:\/\/ditori.com\/wp-content\/uploads\/2023\/09\/381019206_885284256467680_6346402023255905015_n-e1695542902220-1024x588.jpg 1024w, https:\/\/ditori.com\/wp-content\/uploads\/2023\/09\/381019206_885284256467680_6346402023255905015_n-e1695542902220-768x441.jpg 768w, https:\/\/ditori.com\/wp-content\/uploads\/2023\/09\/381019206_885284256467680_6346402023255905015_n-e1695542902220-1536x881.jpg 1536w, https:\/\/ditori.com\/wp-content\/uploads\/2023\/09\/381019206_885284256467680_6346402023255905015_n-e1695542902220-696x399.jpg 696w, https:\/\/ditori.com\/wp-content\/uploads\/2023\/09\/381019206_885284256467680_6346402023255905015_n-e1695542902220-1068x613.jpg 1068w, https:\/\/ditori.com\/wp-content\/uploads\/2023\/09\/381019206_885284256467680_6346402023255905015_n-e1695542902220.jpg 1586w\" sizes=\"(max-width: 300px) 100vw, 300px\" \/><\/p>\n<p>Ky organizim madh\u00ebshtor p\u00ebr rapsodin ishte befasi nga familja e tij e ngusht\u00eb p\u00ebr nder t\u00eb 55 vjetorit t\u00eb lindjes dhe 38 vjetorit t\u00eb karrier\u00ebs.<\/p>\n<p>Rapsodi Fatmir Bajraj g\u00ebzon respekt t\u00eb ve\u00e7ant\u00eb n\u00eb zemrat e t\u00eb gjith\u00ebve, k\u00ebt\u00eb e d\u00ebshmon m\u00eb s\u00eb miri numri i t\u00eb pranishm\u00ebve n\u00eb sall\u00eb ku n\u00eb mesin e tyre kishe edhe t\u00eb ardhur nga m\u00ebrgata e larg\u00ebt.<\/p>\n<p>Fatmir Bajraj vazhdon t\u00eb k\u00ebngoi me p\u00ebrkushtim dhe do t\u00eb mbetet n\u00eb maj\u00ebn e rapsodis\u00eb shqiptare p\u00ebrher\u00eb.<\/p>\n<p><img loading=\"lazy\" decoding=\"async\" class=\"alignnone size-medium wp-image-1936\" src=\"https:\/\/ditori.com\/wp-content\/uploads\/2023\/09\/381479389_1444322256351281_2591634829566552202_n-228x300.jpg\" alt=\"\" width=\"228\" height=\"300\" srcset=\"https:\/\/ditori.com\/wp-content\/uploads\/2023\/09\/381479389_1444322256351281_2591634829566552202_n-228x300.jpg 228w, https:\/\/ditori.com\/wp-content\/uploads\/2023\/09\/381479389_1444322256351281_2591634829566552202_n-778x1024.jpg 778w, https:\/\/ditori.com\/wp-content\/uploads\/2023\/09\/381479389_1444322256351281_2591634829566552202_n-768x1011.jpg 768w, https:\/\/ditori.com\/wp-content\/uploads\/2023\/09\/381479389_1444322256351281_2591634829566552202_n-1166x1536.jpg 1166w, https:\/\/ditori.com\/wp-content\/uploads\/2023\/09\/381479389_1444322256351281_2591634829566552202_n-696x917.jpg 696w, https:\/\/ditori.com\/wp-content\/uploads\/2023\/09\/381479389_1444322256351281_2591634829566552202_n-1068x1406.jpg 1068w, https:\/\/ditori.com\/wp-content\/uploads\/2023\/09\/381479389_1444322256351281_2591634829566552202_n.jpg 1341w\" sizes=\"(max-width: 228px) 100vw, 228px\" \/> <img loading=\"lazy\" decoding=\"async\" class=\"alignnone size-medium wp-image-1935\" src=\"https:\/\/ditori.com\/wp-content\/uploads\/2023\/09\/380956286_631328485839315_855131644724727340_n-171x300.jpg\" alt=\"\" width=\"171\" height=\"300\" srcset=\"https:\/\/ditori.com\/wp-content\/uploads\/2023\/09\/380956286_631328485839315_855131644724727340_n-171x300.jpg 171w, https:\/\/ditori.com\/wp-content\/uploads\/2023\/09\/380956286_631328485839315_855131644724727340_n-583x1024.jpg 583w, https:\/\/ditori.com\/wp-content\/uploads\/2023\/09\/380956286_631328485839315_855131644724727340_n-768x1349.jpg 768w, https:\/\/ditori.com\/wp-content\/uploads\/2023\/09\/380956286_631328485839315_855131644724727340_n-874x1536.jpg 874w, https:\/\/ditori.com\/wp-content\/uploads\/2023\/09\/380956286_631328485839315_855131644724727340_n-696x1223.jpg 696w, https:\/\/ditori.com\/wp-content\/uploads\/2023\/09\/380956286_631328485839315_855131644724727340_n-1068x1876.jpg 1068w, https:\/\/ditori.com\/wp-content\/uploads\/2023\/09\/380956286_631328485839315_855131644724727340_n.jpg 1121w\" sizes=\"(max-width: 171px) 100vw, 171px\" \/><\/p>\n","protected":false},"excerpt":{"rendered":"<p>Tashm\u00eb e 38 vite rapsodi i mi\u00ebnjohur shqiptar Fatmir Bajraj i k\u00ebnoi k\u00ebng\u00ebs shqipe dhe atdheut. Fatmiri si i ri nisi hapat e par\u00eb drejt nj\u00eb karriere t\u00eb bujshme folklorike. K\u00ebnga e tij jehoi n\u00eb t\u00eb gjith\u00eb trojet shqiptare anemban\u00eb madje edhe n\u00eb t\u00ebr\u00eb diaspor\u00ebn shqiptare. P\u00ebr nder t\u00eb 38 vjetorit t\u00eb karrier\u00ebs Komuna e [&hellip;]<\/p>\n","protected":false},"author":4,"featured_media":1942,"comment_status":"open","ping_status":"open","sticky":false,"template":"","format":"standard","meta":{"footnotes":""},"categories":[4],"tags":[],"_links":{"self":[{"href":"https:\/\/ditori.com\/index.php\/wp-json\/wp\/v2\/posts\/1932"}],"collection":[{"href":"https:\/\/ditori.com\/index.php\/wp-json\/wp\/v2\/posts"}],"about":[{"href":"https:\/\/ditori.com\/index.php\/wp-json\/wp\/v2\/types\/post"}],"author":[{"embeddable":true,"href":"https:\/\/ditori.com\/index.php\/wp-json\/wp\/v2\/users\/4"}],"replies":[{"embeddable":true,"href":"https:\/\/ditori.com\/index.php\/wp-json\/wp\/v2\/comments?post=1932"}],"version-history":[{"count":1,"href":"https:\/\/ditori.com\/index.php\/wp-json\/wp\/v2\/posts\/1932\/revisions"}],"predecessor-version":[{"id":1939,"href":"https:\/\/ditori.com\/index.php\/wp-json\/wp\/v2\/posts\/1932\/revisions\/1939"}],"wp:featuredmedia":[{"embeddable":true,"href":"https:\/\/ditori.com\/index.php\/wp-json\/wp\/v2\/media\/1942"}],"wp:attachment":[{"href":"https:\/\/ditori.com\/index.php\/wp-json\/wp\/v2\/media?parent=1932"}],"wp:term":[{"taxonomy":"category","embeddable":true,"href":"https:\/\/ditori.com\/index.php\/wp-json\/wp\/v2\/categories?post=1932"},{"taxonomy":"post_tag","embeddable":true,"href":"https:\/\/ditori.com\/index.php\/wp-json\/wp\/v2\/tags?post=1932"}],"curies":[{"name":"wp","href":"https:\/\/api.w.org\/{rel}","templated":true}]}}