{"id":1821,"date":"2023-09-18T07:27:20","date_gmt":"2023-09-18T07:27:20","guid":{"rendered":"https:\/\/ditori.com\/?p=1821"},"modified":"2023-09-18T07:27:52","modified_gmt":"2023-09-18T07:27:52","slug":"prokuroi-ne-udhetim-zyrtar-anulohet-seanca-ne-rastin-veteranet","status":"publish","type":"post","link":"https:\/\/ditori.com\/index.php\/2023\/09\/18\/prokuroi-ne-udhetim-zyrtar-anulohet-seanca-ne-rastin-veteranet\/","title":{"rendered":"Prokuroi n\u00eb udh\u00ebtim zyrtar, anulohet seanca n\u00eb rastin \u201cVeteran\u00ebt\u201d"},"content":{"rendered":"<p>Me k\u00ebrkes\u00eb t\u00eb prokurorit special Valdet Gashi \u00ebsht\u00eb anuluar seanca e parapar\u00eb p\u00ebr t\u00eb h\u00ebn\u00ebn n\u00eb rastin e njohur si \u201cVeteran\u00ebt\u201d.<\/p>\n<p>Nj\u00eb gj\u00eb e till\u00eb \u00ebsht\u00eb b\u00ebr\u00eb e ditur p\u00ebrmes faqes zyrtare t\u00eb Gjykat\u00ebs Themelore n\u00eb Prishtin\u00eb.<\/p>\n<p>N\u00eb k\u00ebt\u00eb rast p\u00ebr keqp\u00ebrdorim t\u00eb detyr\u00ebs zyrtare akuzohen ish-kryeministri Agim \u00c7eku, ish-ministri i Mbrojtjes, Rrustem Berisha, ish-deputeti Shkumbin Demalijaj, Nuredin Lushtaku, Sadik Halitjaha, Qel\u00eb Gashi, Shukri Buja, Ahmet Daku, Faik Fazliu, Smajl Elezaj, Fadil Shurdhaj dhe Xhavit Jashari, raporton \u201cBetimi p\u00ebr Drejt\u00ebsi\u201d.<\/p>\n<p>\u201cJu njoftojm\u00eb se seanca gjyq\u00ebsore n\u00eb \u00e7\u00ebshtjen penale PKR.nr.241\/22 me t\u00eb akuzuar A.\u00c7 etj, e cila ka qen\u00eb e caktuar t\u00eb mbahet me dat\u00eb 18.09.2023 n\u00eb ora 09:15 \u00ebsht\u00eb shtyr\u00eb, e nj\u00ebjta \u00ebsht\u00eb caktuar t\u00eb mbahet me dat\u00eb 28.09.2023, n\u00eb ora 09:30\u201d, thuhet n\u00eb njoftim.<\/p>\n<p>Sipas njoftimit t\u00eb gjykat\u00ebs ndryshimi i dat\u00ebs \u00ebsht\u00eb b\u00ebr\u00eb me k\u00ebrkes\u00ebn prokurorit t\u00eb Prokuroris\u00eb Speciale t\u00eb Republik\u00ebs s\u00eb Kosov\u00ebs, pasi q\u00eb i nj\u00ebjti gjendet n\u00eb udh\u00ebtim zyrtar.<\/p>\n<p>Kujtojm\u00eb se seanca e 15 qershorit 2023, kishte d\u00ebshtuar p\u00ebr shkak se t\u00eb akuzuarit Sadik Halitjaha, Qel\u00eb Gashi, Shukri Buja, Ahmet Daku, Xhavit Jashari, nuk kishin angazhuar avokat\u00eb.<\/p>\n<p>N\u00eb at\u00eb seanc\u00eb gjykat\u00ebsi Bahtiri kishte njoftuar se gjykata m\u00eb 14 qershor 2023 kishte pranuar parashtres\u00ebn p\u00ebr plot\u00ebsimin e precizimit t\u00eb aktakuz\u00ebs nga Prokuroria Speciale, duke iu bashk\u00ebngjitur 12 CD.<\/p>\n<p>Po ashtu, gjykat\u00ebsi Bahtiri kishte obliguar Prokurorin\u00eb Speciale q\u00eb t\u00eb pajis\u00eb t\u00eb gjith\u00eb t\u00eb akuzuarit dhe mbrojt\u00ebsit e tyre me parashtres\u00ebn e fundit dhe CD-t\u00eb n\u00eb kopje fizike.<\/p>\n<p>Ndryshe, seanca e 16 dhjetorit 2022 kishte d\u00ebshtuar n\u00eb munges\u00eb t\u00eb t\u00eb akuzuarve Fazliu dhe Elezaj, nd\u00ebrsa ajo e 15 marsit 2023, ishte anuluar me k\u00ebrkes\u00eb t\u00eb prokurorit Valdet Gashi.<\/p>\n<p>N\u00eb k\u00ebt\u00eb rast p\u00ebr keqp\u00ebrdorim t\u00eb detyr\u00ebs zyrtare akuzohen ish-kryeministri Agim \u00c7eku, ish-ministri i Mbrojtjes, Rrustem Berisha, ish-deputeti Shkumbin Demalijaj, Nuredin Lushtaku, Sadik Halitjaha, Qel\u00eb Gashi, Shukri Buja, Ahmet Daku, Faik Fazliu, Smajl Elezaj, Fadil Shurdhaj dhe Xhavit Jashari.<\/p>\n<p>Ndryshe, Gjykata e Apelit m\u00eb 26 prill 2022 e ka kthyer n\u00eb rigjykim k\u00ebt\u00eb rast.<\/p>\n<p>Gjykata e Apelit n\u00eb arsyetimin e vendimit ka theksuar se ka gjetur se shkalla e par\u00eb ka v\u00ebrtetuar n\u00eb m\u00ebnyr\u00eb t\u00eb gabuar faktin m\u00eb thelb\u00ebsor q\u00eb ka t\u00eb b\u00ebj\u00eb me miratimin e listave nga komisioni, n\u00eb rastin ku p\u00ebr keqp\u00ebrdorim t\u00eb detyr\u00ebs zyrtare akuzohen ish-kryeministri Agim \u00c7eku, ish-ministri i Mbrojtjes, Rrustem Berisha, ish-deputeti Shkumbin Demalijaj, Nuredin Lushtaku, Sadik Halitjaha, Qel\u00eb Gashi, Shukri Buja, Ahmet Daku, Faik Fazliu, Smajl Elezaj, Fadil Shurdhaj dhe Xhavit Jashari.<\/p>\n<p>Nd\u00ebrkaq, Gjykata Themelore n\u00eb Prishtin\u00eb, m\u00eb 16 prill 2021 t\u00eb akuzuarit i kishte liruar nga akuza.<\/p>\n<p>\u201cMe aktgjykimin e lartcekur t\u00eb Gjykat\u00ebs Themelore n\u00eb Prishtin\u00eb, t\u00eb akuzuarit A.\u00c7., N.L., S.H., Sh.D., Q.G., Sh.B., A.D., Rr.B., F.F., S.E., F.Sh. dhe Xh.J., jan\u00eb liruar nga akuza p\u00ebr shkak t\u00eb vepr\u00ebs penale n\u00eb bashk\u00ebkryerje keqp\u00ebrdorimi i pozit\u00ebs apo autoritetit zyrtar, nga neni 422, paragrafi 1. lidhur me nenin 31 t\u00eb KPRK\u201c, thuhej n\u00eb aktgjykim.<\/p>\n<p>Sipas Prokuroris\u00eb Speciale t\u00eb Republik\u00ebs s\u00eb Kosov\u00ebs (PSRK), t\u00eb akuzuarit duke keqp\u00ebrdorur detyr\u00ebn e tyre zyrtare, p\u00ebr koh\u00ebn sa ishin pjes\u00eb e Komisionit Qeveritar p\u00ebr Njohjen dhe Verifikimin e Statusit t\u00eb D\u00ebshmorit t\u00eb Kombit, Invalidit, Veteranit, Pjes\u00ebtarit dhe t\u00eb Internuarit t\u00eb Luft\u00ebs s\u00eb U\u00c7K-s\u00eb, i kan\u00eb shkaktuar d\u00ebm buxhetit t\u00eb Kosov\u00ebs n\u00eb vler\u00eb prej 88.769.217.04 euro.<\/p>\n<p>P\u00ebr k\u00ebto akuza, Gjykata Themelore n\u00eb Prishtin\u00eb kishte marr\u00eb aktgjykim lirues edhe m\u00eb 19 janar 2021.<\/p>\n<p>Aktgjykimi n\u00eb k\u00ebt\u00eb rast ishte p\u00ebrpiluar tre muaj m\u00eb von\u00eb, ku PSRK brenda 15 dit\u00ebsh kishte pasur mund\u00ebsi t\u00eb ushtroj\u00eb ankes\u00eb ndaj k\u00ebtij aktgjykimi.<\/p>\n<p>Ndryshe, Gjykata Themelore n\u00eb Prishtin\u00eb, m\u00eb 19 qershor 2019, e kishte konfirmuar aktakuz\u00ebn p\u00ebr k\u00ebt\u00eb rast, nd\u00ebrsa k\u00ebt\u00eb vendim e kishte konfirmuar edhe Gjykata e Apelit n\u00eb gusht t\u00eb vitit 2019.<\/p>\n<p>Me aktakuz\u00ebn e PSRK-s\u00eb, po ashtu ishte k\u00ebrkuar q\u00eb Gjykata Themelore n\u00eb Prishtin\u00eb, t\u00eb urdh\u00ebroj\u00eb Ministria e Pun\u00ebs dhe Mir\u00ebqenies Sociale (MPMS), q\u00eb t\u00eb pezullonte pages\u00ebn e pensioneve p\u00ebr 19 mij\u00eb e 500 veteran\u00eb, deri n\u00eb p\u00ebrfundimin e procesit gjyq\u00ebsor.<\/p>\n<p>Por, m\u00eb 1 prill 2019, gjykata e kishte refuzuar k\u00ebt\u00eb k\u00ebrkes\u00eb me arsyetimin se propozimi p\u00ebr mas\u00ebn e p\u00ebrkohshme nuk \u00ebsht\u00eb ndaj t\u00eb akuzuarve, por ndaj MPMS-s\u00eb, si pal\u00eb e tret\u00eb.<\/p>\n<p>Kurse pas seancave t\u00eb mbajtura, Gjykata Themelore n\u00eb Prishtin\u00eb, m\u00eb 19 janar 2021, ka shpallur aktgjykim lirues ndaj t\u00eb akuzuarve n\u00eb k\u00ebt\u00eb rast.<\/p>\n<p>Sipas aktakuz\u00ebs s\u00eb p\u00ebrgatitur nga ish-prokurori special, Elez Blakaj, personat e p\u00ebrfshir\u00eb thuhet se prej vitit 2011 deri n\u00eb vitin 2017, duke vepruar si an\u00ebtar\u00eb t\u00eb Komisionit Qeveritar p\u00ebr Njohjen dhe Verifikimin e Statusit t\u00eb D\u00ebshmorit t\u00eb Kombit, Invalidit, Veteranit, Pjes\u00ebtarit dhe t\u00eb Internuarit t\u00eb Luft\u00ebs s\u00eb Ushtris\u00eb \u00c7lirimtare t\u00eb Kosov\u00ebs, kan\u00eb shfryt\u00ebzuar detyr\u00ebn dhe autoritetin zyrtar, duke tejkaluar kompetencat me dashje dhe duke mos i p\u00ebrmbushur detyrat zyrtare, me q\u00ebllim q\u00eb t\u00eb p\u00ebrfitojn\u00eb personat e tjer\u00eb n\u00eb m\u00ebnyr\u00eb t\u00eb kund\u00ebrligjshme, n\u00eb vazhdim\u00ebsi, n\u00eb d\u00ebm t\u00eb Buxhetit t\u00eb Republik\u00ebs s\u00eb Kosov\u00ebs.<\/p>\n<p>N\u00eb k\u00ebt\u00eb aktakuz\u00eb, jan\u00eb p\u00ebrfshir\u00eb 12 persona, t\u00eb cil\u00ebt ngarkohen me vepr\u00ebn penale \u201cKeqp\u00ebrdorimi i pozit\u00ebs apo autoritetit zyrtar\u201d.<\/p>\n<p>Si\u00e7 kishte raportuar \u201cBetimi p\u00ebr Drejt\u00ebsi\u201d, list\u00ebs s\u00eb personave t\u00eb akuzuar i prin Agim \u00c7eku, i pasuar nga Nuredin Lushtaku, Sadik Halitjaha, Shkumbin Demaliaj, Qel\u00eb Gashi, Shukri Buja, Ahmet Daku, Rrustem Berisha, Faik Fazliu, Smajl Elezaj, Fadil Shurdhaj dhe Xhavit Jashari.<\/p>\n<p>PSRK-ja, po ashtu i kishte propozuar gjykat\u00ebs, q\u00eb ta l\u00ebshonte mas\u00ebn p\u00ebr ndalimin e pages\u00ebs s\u00eb pensioneve t\u00eb fituara n\u00eb m\u00ebnyr\u00eb t\u00eb kund\u00ebrligjshme si veteran\u00eb luft\u00ebtar\u00eb t\u00eb U\u00c7K-s\u00eb, deri n\u00eb p\u00ebrfundimin e procedur\u00ebs penale.<\/p>\n<p>Tutje, sipas PSRK-s\u00eb, nga provat e siguruara ishte v\u00ebrtetuar se nga pagesat e kund\u00ebrligjshme p\u00ebr veteran\u00ebt luft\u00ebtar\u00eb t\u00eb U\u00c7K-s\u00eb, buxheti i Republik\u00ebs s\u00eb Kosov\u00ebs ishte d\u00ebmtuar n\u00eb shum\u00eb prej 68.153.533.14 euro.<\/p>\n<p>Nd\u00ebrsa, me aktakuz\u00ebn e dor\u00ebzuar n\u00eb gjykat\u00eb m\u00eb 7 dhjetor 2018, pretendohet se buxheti i Republik\u00ebs s\u00eb Kosov\u00ebs ishte d\u00ebmtuar n\u00eb shum\u00eb prej 88.769.217.04 euro.<\/p>\n","protected":false},"excerpt":{"rendered":"<p>Me k\u00ebrkes\u00eb t\u00eb prokurorit special Valdet Gashi \u00ebsht\u00eb anuluar seanca e parapar\u00eb p\u00ebr t\u00eb h\u00ebn\u00ebn n\u00eb rastin e njohur si \u201cVeteran\u00ebt\u201d. Nj\u00eb gj\u00eb e till\u00eb \u00ebsht\u00eb b\u00ebr\u00eb e ditur p\u00ebrmes faqes zyrtare t\u00eb Gjykat\u00ebs Themelore n\u00eb Prishtin\u00eb. N\u00eb k\u00ebt\u00eb rast p\u00ebr keqp\u00ebrdorim t\u00eb detyr\u00ebs zyrtare akuzohen ish-kryeministri Agim \u00c7eku, ish-ministri i Mbrojtjes, Rrustem Berisha, ish-deputeti [&hellip;]<\/p>\n","protected":false},"author":4,"featured_media":1824,"comment_status":"open","ping_status":"open","sticky":false,"template":"","format":"standard","meta":{"footnotes":""},"categories":[9],"tags":[],"_links":{"self":[{"href":"https:\/\/ditori.com\/index.php\/wp-json\/wp\/v2\/posts\/1821"}],"collection":[{"href":"https:\/\/ditori.com\/index.php\/wp-json\/wp\/v2\/posts"}],"about":[{"href":"https:\/\/ditori.com\/index.php\/wp-json\/wp\/v2\/types\/post"}],"author":[{"embeddable":true,"href":"https:\/\/ditori.com\/index.php\/wp-json\/wp\/v2\/users\/4"}],"replies":[{"embeddable":true,"href":"https:\/\/ditori.com\/index.php\/wp-json\/wp\/v2\/comments?post=1821"}],"version-history":[{"count":1,"href":"https:\/\/ditori.com\/index.php\/wp-json\/wp\/v2\/posts\/1821\/revisions"}],"predecessor-version":[{"id":1823,"href":"https:\/\/ditori.com\/index.php\/wp-json\/wp\/v2\/posts\/1821\/revisions\/1823"}],"wp:featuredmedia":[{"embeddable":true,"href":"https:\/\/ditori.com\/index.php\/wp-json\/wp\/v2\/media\/1824"}],"wp:attachment":[{"href":"https:\/\/ditori.com\/index.php\/wp-json\/wp\/v2\/media?parent=1821"}],"wp:term":[{"taxonomy":"category","embeddable":true,"href":"https:\/\/ditori.com\/index.php\/wp-json\/wp\/v2\/categories?post=1821"},{"taxonomy":"post_tag","embeddable":true,"href":"https:\/\/ditori.com\/index.php\/wp-json\/wp\/v2\/tags?post=1821"}],"curies":[{"name":"wp","href":"https:\/\/api.w.org\/{rel}","templated":true}]}}