{"id":1810,"date":"2023-09-17T10:55:21","date_gmt":"2023-09-17T10:55:21","guid":{"rendered":"https:\/\/ditori.com\/?p=1810"},"modified":"2023-09-17T10:55:21","modified_gmt":"2023-09-17T10:55:21","slug":"mitrovica-vazhdon-te-jete-djepi-i-kultures-ne-vend-mitrovica-guitar-days-sivjet-edicioni-i-peste","status":"publish","type":"post","link":"https:\/\/ditori.com\/index.php\/2023\/09\/17\/mitrovica-vazhdon-te-jete-djepi-i-kultures-ne-vend-mitrovica-guitar-days-sivjet-edicioni-i-peste\/","title":{"rendered":"Mitrovica vazhdon t\u00eb jet\u00eb djepi i kultur\u00ebs n\u00eb vend, \u201cMitrovica Guitar Days\u201d sivjet edicioni i pest\u00eb"},"content":{"rendered":"<div>\n<div class=\"x1jx94hy x8cjs6t x1ch86jh x80vd3b xckqwgs x13fuv20 xu3j5b3 x1q0q8m5 x26u7qi x178xt8z xm81vs4 xso031l xy80clv xfh8nwu xoqspk4 x12v9rci x138vmkv x6ikm8r x10wlt62 x16n37ib xq8finb\">\n<div class=\"\">\n<div class=\"x1y332i5\">\n<div class=\"\" dir=\"auto\">\n<div class=\"\" dir=\"auto\">\n<div class=\"x1iorvi4 x1pi30zi x1l90r2v x1swvt13\" data-ad-comet-preview=\"message\" data-ad-preview=\"message\">\n<div class=\"x78zum5 xdt5ytf xz62fqu x16ldp7u\">\n<div class=\"xu06os2 x1ok221b\">\n<div class=\"x11i5rnm xat24cr x1mh8g0r x1vvkbs xtlvy1s x126k92a\">\n<div dir=\"auto\">Me kitarist\u00ebt m\u00eb t\u00eb mir\u00eb nga e gjith\u00eb bota, sivjet nis edicioni i pest\u00eb i festivalit t\u00eb kitar\u00ebs \u201cMitrovica Guitar Days\u201d, n\u00eb Mitrovic\u00eb, njofton Ditori.<\/div>\n<\/div>\n<div class=\"x11i5rnm xat24cr x1mh8g0r x1vvkbs xtlvy1s x126k92a\">\n<div dir=\"auto\">\nFestivali nis me 19 shtator ku do t\u00eb mbahet dhe koncerti i Marcin Dylla, ku do t\u00eb vazhdon (21 shtator) me koncertin e mbr\u00ebmjes nga Anielo Desidero.<\/div>\n<\/div>\n<div class=\"x11i5rnm xat24cr x1mh8g0r x1vvkbs xtlvy1s x126k92a\">\n<div dir=\"auto\">\nKitarist\u00ebt m\u00eb t\u00eb njohur do t\u00eb performojn\u00eb deri me dat\u00ebn 24 shtator kur edhe do t\u00eb jet\u00eb koncerti p\u00ebrmbyll\u00ebs me pjes\u00ebmarr\u00ebsit e festivalit.<\/div>\n<\/div>\n<div class=\"x11i5rnm xat24cr x1mh8g0r x1vvkbs xtlvy1s x126k92a\">\n<div dir=\"auto\">\nKujtojm\u00eb se ky festival organizohet nga OJQ \u201cKosovaArs\u201d dhe t\u00eb gjitha koncertet zhvillohen n\u00eb Muzeun e Qytetit t\u00eb Mitrovic\u00ebs me fillim n\u00eb ora 19:30.\/Ditori\/<\/div>\n<\/div>\n<\/div>\n<\/div>\n<\/div>\n<\/div>\n<\/div>\n<\/div>\n<\/div>\n<\/div>\n<\/div>\n<div>\n<div class=\"x168nmei x13lgxp2 x30kzoy x9jhf4c x6ikm8r x10wlt62\" data-visualcompletion=\"ignore-dynamic\">\n<div class=\"x1n2onr6\">\n<div class=\"x6s0dn4 xi81zsa x78zum5 x6prxxf x13a6bvl xvq8zen xdj266r xktsk01 xat24cr x1d52u69 x889kno x4uap5 x1a8lsjc xkhd6sd xdppsyt\">\n<div class=\"x6s0dn4 x78zum5 x1iyjqo2 x6ikm8r x10wlt62\">\n<div class=\"x1i10hfl x1qjc9v5 xjbqb8w xjqpnuy xa49m3k xqeqjp1 x2hbi6w x13fuv20 xu3j5b3 x1q0q8m5 x26u7qi x972fbf xcfux6l x1qhh985 xm0m39n x9f619 x1ypdohk xdl72j9 x2lah0s xe8uvvx xdj266r x11i5rnm xat24cr x1mh8g0r x2lwn1j xeuugli xexx8yu x4uap5 x18d9i69 xkhd6sd x1n2onr6 x16tdsg8 x1hl2dhg xggy1nq x1ja2u2z x1t137rt x1o1ewxj x3x9cwd x1e5q0jg x13rtm0m x3nfvp2 x1q0g3np x87ps6o x1lku1pv x1a2a7pz\" tabindex=\"0\" role=\"button\" aria-label=\"P\u00eblqej: 5 njer\u00ebz\"><img loading=\"lazy\" decoding=\"async\" class=\"alignnone  wp-image-1812\" src=\"https:\/\/ditori.com\/wp-content\/uploads\/2023\/09\/mitrovicaguitar2-300x148.jpg\" alt=\"\" width=\"614\" height=\"303\" srcset=\"https:\/\/ditori.com\/wp-content\/uploads\/2023\/09\/mitrovicaguitar2-300x148.jpg 300w, https:\/\/ditori.com\/wp-content\/uploads\/2023\/09\/mitrovicaguitar2-768x379.jpg 768w, https:\/\/ditori.com\/wp-content\/uploads\/2023\/09\/mitrovicaguitar2-696x344.jpg 696w, https:\/\/ditori.com\/wp-content\/uploads\/2023\/09\/mitrovicaguitar2.jpg 960w\" sizes=\"(max-width: 614px) 100vw, 614px\" \/><\/div>\n<\/div>\n<div class=\"x1c4vz4f x2lah0s xci0xqf\"><\/div>\n<div class=\"x9f619 x1n2onr6 x1ja2u2z x78zum5 x2lah0s x1qughib x1qjc9v5 xozqiw3 x1q0g3np xykv574 xbmpl8g x4cne27 xifccgj\"><\/div>\n<\/div>\n<\/div>\n<\/div>\n<\/div>\n","protected":false},"excerpt":{"rendered":"<p>Me kitarist\u00ebt m\u00eb t\u00eb mir\u00eb nga e gjith\u00eb bota, sivjet nis edicioni i pest\u00eb i festivalit t\u00eb kitar\u00ebs \u201cMitrovica Guitar Days\u201d, n\u00eb Mitrovic\u00eb, njofton Ditori. Festivali nis me 19 shtator ku do t\u00eb mbahet dhe koncerti i Marcin Dylla, ku do t\u00eb vazhdon (21 shtator) me koncertin e mbr\u00ebmjes nga Anielo Desidero. Kitarist\u00ebt m\u00eb t\u00eb [&hellip;]<\/p>\n","protected":false},"author":2,"featured_media":1811,"comment_status":"open","ping_status":"open","sticky":false,"template":"","format":"standard","meta":{"footnotes":""},"categories":[1,4],"tags":[],"_links":{"self":[{"href":"https:\/\/ditori.com\/index.php\/wp-json\/wp\/v2\/posts\/1810"}],"collection":[{"href":"https:\/\/ditori.com\/index.php\/wp-json\/wp\/v2\/posts"}],"about":[{"href":"https:\/\/ditori.com\/index.php\/wp-json\/wp\/v2\/types\/post"}],"author":[{"embeddable":true,"href":"https:\/\/ditori.com\/index.php\/wp-json\/wp\/v2\/users\/2"}],"replies":[{"embeddable":true,"href":"https:\/\/ditori.com\/index.php\/wp-json\/wp\/v2\/comments?post=1810"}],"version-history":[{"count":1,"href":"https:\/\/ditori.com\/index.php\/wp-json\/wp\/v2\/posts\/1810\/revisions"}],"predecessor-version":[{"id":1813,"href":"https:\/\/ditori.com\/index.php\/wp-json\/wp\/v2\/posts\/1810\/revisions\/1813"}],"wp:featuredmedia":[{"embeddable":true,"href":"https:\/\/ditori.com\/index.php\/wp-json\/wp\/v2\/media\/1811"}],"wp:attachment":[{"href":"https:\/\/ditori.com\/index.php\/wp-json\/wp\/v2\/media?parent=1810"}],"wp:term":[{"taxonomy":"category","embeddable":true,"href":"https:\/\/ditori.com\/index.php\/wp-json\/wp\/v2\/categories?post=1810"},{"taxonomy":"post_tag","embeddable":true,"href":"https:\/\/ditori.com\/index.php\/wp-json\/wp\/v2\/tags?post=1810"}],"curies":[{"name":"wp","href":"https:\/\/api.w.org\/{rel}","templated":true}]}}