{"id":1681,"date":"2023-09-13T16:14:17","date_gmt":"2023-09-13T16:14:17","guid":{"rendered":"https:\/\/ditori.com\/?p=1681"},"modified":"2023-09-13T16:14:17","modified_gmt":"2023-09-13T16:14:17","slug":"edhe-dy-ushtareve-hungareze-te-kfor-it-qe-ishin-sulmuar-nga-serbet-ne-zvecan-i-amputohen-kembet","status":"publish","type":"post","link":"https:\/\/ditori.com\/index.php\/2023\/09\/13\/edhe-dy-ushtareve-hungareze-te-kfor-it-qe-ishin-sulmuar-nga-serbet-ne-zvecan-i-amputohen-kembet\/","title":{"rendered":"Edhe dy ushtar\u00ebve hungarez\u00eb t\u00eb KFOR-it q\u00eb ishin sulmuar nga serb\u00ebt n\u00eb Zve\u00e7an, i amputohen k\u00ebmb\u00ebt"},"content":{"rendered":"<p><strong>Edhe dy ushtar\u00ebve hungarez\u00eb t\u00eb KFOR-it q\u00eb ishin sulmuar nga serb\u00ebt n\u00eb Zve\u00e7an m\u00eb 29 maj, u jan\u00eb amputuar k\u00ebmb\u00ebt.<\/strong><\/p>\n<p>K\u00ebshtu b\u00ebjn\u00eb t\u00eb ditur mediat hungareze.<\/p>\n<p>Sipas hvg.hu, edhe pse jan\u00eb b\u00ebr\u00eb disa muaj nga incidenti n\u00eb veri t\u00eb Kosov\u00ebs, ende nuk ka informacione t\u00eb detajuara p\u00ebr rrjedhjen e ngjarjes.<\/p>\n<p>\u201cEdhe pse thuhet se as lidershipi i KFOR-it nuk ishte n\u00eb krye t\u00eb situat\u00ebs, gj\u00eb q\u00eb mund t\u00eb shpjegoj\u00eb pse ata hezitojn\u00eb t\u00eb flasin p\u00ebr at\u00eb q\u00eb ka ndodhur zyrtarisht, por edhe qeveria hungareze (ushtarake) po hesht, q\u00eb mund t\u00eb jet\u00eb p\u00ebr arsye t\u00eb tjera\u201d, raporton hvg.<\/p>\n<p>Nd\u00ebrkaq, misioni i KFOR-it n\u00eb Kosov\u00eb p\u00ebrmes nj\u00eb komunikate drejtuar mediave, kishte konfirmuar se nga eskalimi i gjendjes n\u00eb veri m\u00eb dat\u00ebn 29 maj u l\u00ebnduan 30 ushtar\u00eb, ku 19 prej tyre ishin nga kontigjenti hungarez.<\/p>\n<p>\u201cNumri i paqeruajt\u00ebsve t\u00eb plagosur gjat\u00eb dhun\u00ebs\u00a0 n\u00eb komun\u00ebn e Zve\u00e7anit \u00ebsht\u00eb 30. 11 ushtar\u00eb nga kontingjenti italian dhe 19 nga kontingjenti hungarez. Ata kan\u00eb p\u00ebsuar l\u00ebndime t\u00eb shumta, duke p\u00ebrfshir\u00eb thyerje dhe djegie nga mjetet ndez\u00ebse shp\u00ebrthyese t\u00eb improvizuara. Tre ushtar\u00eb hungarez\u00eb u plagos\u00ebn nga p\u00ebrdorimi i arm\u00ebve t\u00eb zjarrit\u201d, kishte konfirmuar KFOR.<\/p>\n<p>Nd\u00ebrkaq, ministria hungareze kishte njoftuar se shumica e ushtar\u00ebve jan\u00eb kthyer n\u00eb sht\u00ebpit\u00eb e tyre, por gjendja e dy ushtar\u00ebve \u00ebsht\u00eb ende e r\u00ebnd\u00eb dhe ata jan\u00eb ende duke u trajtuar n\u00eb spital.<\/p>\n<p>\u201cP\u00ebr rikuperimin e tyre, Forcat Hungareze t\u00eb Mbrojtjes dhe mjek\u00ebt ushtarak\u00eb po b\u00ebjn\u00eb gjith\u00e7ka n\u00eb maksimum. Pavar\u00ebsisht nivelit t\u00eb lart\u00eb t\u00eb kujdesit mjek\u00ebsor, pas nj\u00eb konsultimi paraprak me pacientin, duke marr\u00eb parasysh rezultatet e trajtimeve t\u00eb ofruara q\u00eb nga l\u00ebndimi, nj\u00eb nga rastet e kishte t\u00eb obligueshme amputimin e nj\u00eb gjymtyre, e cila u krye t\u00eb premten n\u00eb Institutin Komb\u00ebtar t\u00eb Rehabilitimit Mjek\u00ebsor. Operacioni ka shkuar mir\u00eb, gjendja e pacientit \u00ebsht\u00eb stabile\u201d, thuhet n\u00eb njoftimin e ministris\u00eb.<\/p>\n<p>Nga tensionet n\u00eb veri jan\u00eb plagosur edhe pjes\u00ebtar\u00eb t\u00eb Policis\u00eb s\u00eb Kosov\u00ebs, gazetar\u00eb dhe kameraman.<\/p>\n<p>Po ashtu, jan\u00eb d\u00ebmtuar edhe vetura zyrtare, e po ashtu vetura t\u00eb mediave q\u00eb kan\u00eb raportuar nga terreni.<\/p>\n<p>Aktualisht, situata n\u00eb kat\u00ebr komunat veriore, Zve\u00e7an, Mitrovic\u00eb e veriut, Zubin Potok dhe Leposaviq raportohet t\u00eb jet\u00eb e qet\u00eb, nd\u00ebrkoh\u00eb KFOR dhe Policia e Kosov\u00ebs vazhdojn\u00eb t\u00eb ken\u00eb trupa t\u00eb shtuar n\u00eb k\u00ebto komuna.<\/p>\n","protected":false},"excerpt":{"rendered":"<p>Edhe dy ushtar\u00ebve hungarez\u00eb t\u00eb KFOR-it q\u00eb ishin sulmuar nga serb\u00ebt n\u00eb Zve\u00e7an m\u00eb 29 maj, u jan\u00eb amputuar k\u00ebmb\u00ebt. K\u00ebshtu b\u00ebjn\u00eb t\u00eb ditur mediat hungareze. Sipas hvg.hu, edhe pse jan\u00eb b\u00ebr\u00eb disa muaj nga incidenti n\u00eb veri t\u00eb Kosov\u00ebs, ende nuk ka informacione t\u00eb detajuara p\u00ebr rrjedhjen e ngjarjes. \u201cEdhe pse thuhet se as [&hellip;]<\/p>\n","protected":false},"author":4,"featured_media":1682,"comment_status":"open","ping_status":"open","sticky":false,"template":"","format":"standard","meta":{"footnotes":""},"categories":[9],"tags":[],"_links":{"self":[{"href":"https:\/\/ditori.com\/index.php\/wp-json\/wp\/v2\/posts\/1681"}],"collection":[{"href":"https:\/\/ditori.com\/index.php\/wp-json\/wp\/v2\/posts"}],"about":[{"href":"https:\/\/ditori.com\/index.php\/wp-json\/wp\/v2\/types\/post"}],"author":[{"embeddable":true,"href":"https:\/\/ditori.com\/index.php\/wp-json\/wp\/v2\/users\/4"}],"replies":[{"embeddable":true,"href":"https:\/\/ditori.com\/index.php\/wp-json\/wp\/v2\/comments?post=1681"}],"version-history":[{"count":1,"href":"https:\/\/ditori.com\/index.php\/wp-json\/wp\/v2\/posts\/1681\/revisions"}],"predecessor-version":[{"id":1683,"href":"https:\/\/ditori.com\/index.php\/wp-json\/wp\/v2\/posts\/1681\/revisions\/1683"}],"wp:featuredmedia":[{"embeddable":true,"href":"https:\/\/ditori.com\/index.php\/wp-json\/wp\/v2\/media\/1682"}],"wp:attachment":[{"href":"https:\/\/ditori.com\/index.php\/wp-json\/wp\/v2\/media?parent=1681"}],"wp:term":[{"taxonomy":"category","embeddable":true,"href":"https:\/\/ditori.com\/index.php\/wp-json\/wp\/v2\/categories?post=1681"},{"taxonomy":"post_tag","embeddable":true,"href":"https:\/\/ditori.com\/index.php\/wp-json\/wp\/v2\/tags?post=1681"}],"curies":[{"name":"wp","href":"https:\/\/api.w.org\/{rel}","templated":true}]}}