{"id":1669,"date":"2023-09-13T12:17:58","date_gmt":"2023-09-13T12:17:58","guid":{"rendered":"https:\/\/ditori.com\/?p=1669"},"modified":"2023-09-13T12:17:58","modified_gmt":"2023-09-13T12:17:58","slug":"reagimi-i-federates-rumune-pasi-u-nderpre-ndeshja-me-kosoven-ne-sbejme-luftera-skemi-arme","status":"publish","type":"post","link":"https:\/\/ditori.com\/index.php\/2023\/09\/13\/reagimi-i-federates-rumune-pasi-u-nderpre-ndeshja-me-kosoven-ne-sbejme-luftera-skemi-arme\/","title":{"rendered":"Reagimi i federat\u00ebs rumune pasi u nd\u00ebrpre ndeshja me Kosov\u00ebn: Ne s\u2019b\u00ebjm\u00eb luft\u00ebra, s\u2019kemi arm\u00eb"},"content":{"rendered":"<p>Drejtor teknik i Federat\u00ebs s\u00eb Futbollit n\u00eb Rumani, Mihai Stoichita, thot\u00eb se ishte i frik\u00ebsuar e mund t\u00eb nd\u00ebrpritet ndeshja t\u00eb mart\u00ebn mes Kosov\u00ebs dhe Rumanis\u00eb, p\u00ebr shkak t\u00eb nj\u00eb banderole t\u00eb shpalosur n\u00eb shkall\u00ebt e stadiumit nga tifoz\u00ebt rumun\u00eb ku shkruhej se \u201cKosova \u00ebsht\u00eb Serbi\u201d, si dhe thirrjeve raciste ndaj shqiptar\u00ebve.<\/p>\n<p>\u201cMbr\u00ebm\u00eb po mendoja, Zot, nuk ka mund\u00ebsi t\u00eb kemi k\u00ebt\u00eb fat t\u00eb keq. Po shikoja, ishin zhdukur t\u00eb gjith\u00eb n\u00eb dhomat e zhveshjes, po mendoja n\u00ebse duhet t\u00eb shkoja edhe un\u00eb\u201d, tha ai p\u00ebr mediumin Fanatik n\u00eb Rumani.<\/p>\n<p>\u201cPlumbi na kaloi drejt veshit. Ne nuk b\u00ebjm\u00eb luft\u00ebra, nuk kemi arm\u00eb. Jemi kund\u00ebrshtar\u00eb p\u00ebr 90 minuta, dhe duhet ta respektojm\u00eb nj\u00ebri-tjetrin\u201d, tha ai.<\/p>\n<p>Ai mendon se mesazhe t\u00eb tilla nuk kan\u00eb vend n\u00eb stadium, aq m\u00eb tep\u00ebr q\u00eb me an\u00ebtar\u00ebsimin n\u00eb FIFA dhe UEFA, \u201cjemi pajtuar me rregullat e vendosura nga k\u00ebto organizata\u201d.<\/p>\n<p>\u201cJetojm\u00eb n\u00eb nj\u00eb demokraci. Demokraci nuk do t\u00eb thot\u00eb kaos. N\u00ebse UEFA dhe FIFA i kan\u00eb b\u00ebr\u00eb k\u00ebto ligje, duhet t\u2019i respektojm\u00eb\u201d.<\/p>\n<p>Ndeshja kualifikuese p\u00ebr Kampionatin Evropian 2024 mes Rumanis\u00eb dhe Kosov\u00ebs n\u00eb Bukuresht u nd\u00ebrpre p\u00ebr rreth nj\u00eb or\u00eb t\u00eb mart\u00ebn, pasi tifoz\u00ebt vendas b\u00ebn\u00eb thirrje dhe e shpalos\u00ebn nj\u00eb baner \u201cKosova \u00ebsht\u00eb Serbi\u201d.<\/p>\n<p>Rumania \u00ebsht\u00eb nj\u00ebra nga pes\u00eb vendet e Bashkimit Evropian, bashk\u00eb me Spanj\u00ebn, Qipron, Greqin\u00eb dhe Sllovakin\u00eb, q\u00eb nuk e njohin pavar\u00ebsin\u00eb e Kosov\u00ebs.<\/p>\n","protected":false},"excerpt":{"rendered":"<p>Drejtor teknik i Federat\u00ebs s\u00eb Futbollit n\u00eb Rumani, Mihai Stoichita, thot\u00eb se ishte i frik\u00ebsuar e mund t\u00eb nd\u00ebrpritet ndeshja t\u00eb mart\u00ebn mes Kosov\u00ebs dhe Rumanis\u00eb, p\u00ebr shkak t\u00eb nj\u00eb banderole t\u00eb shpalosur n\u00eb shkall\u00ebt e stadiumit nga tifoz\u00ebt rumun\u00eb ku shkruhej se \u201cKosova \u00ebsht\u00eb Serbi\u201d, si dhe thirrjeve raciste ndaj shqiptar\u00ebve. \u201cMbr\u00ebm\u00eb po mendoja, [&hellip;]<\/p>\n","protected":false},"author":4,"featured_media":1670,"comment_status":"open","ping_status":"open","sticky":false,"template":"","format":"standard","meta":{"footnotes":""},"categories":[21],"tags":[],"_links":{"self":[{"href":"https:\/\/ditori.com\/index.php\/wp-json\/wp\/v2\/posts\/1669"}],"collection":[{"href":"https:\/\/ditori.com\/index.php\/wp-json\/wp\/v2\/posts"}],"about":[{"href":"https:\/\/ditori.com\/index.php\/wp-json\/wp\/v2\/types\/post"}],"author":[{"embeddable":true,"href":"https:\/\/ditori.com\/index.php\/wp-json\/wp\/v2\/users\/4"}],"replies":[{"embeddable":true,"href":"https:\/\/ditori.com\/index.php\/wp-json\/wp\/v2\/comments?post=1669"}],"version-history":[{"count":1,"href":"https:\/\/ditori.com\/index.php\/wp-json\/wp\/v2\/posts\/1669\/revisions"}],"predecessor-version":[{"id":1671,"href":"https:\/\/ditori.com\/index.php\/wp-json\/wp\/v2\/posts\/1669\/revisions\/1671"}],"wp:featuredmedia":[{"embeddable":true,"href":"https:\/\/ditori.com\/index.php\/wp-json\/wp\/v2\/media\/1670"}],"wp:attachment":[{"href":"https:\/\/ditori.com\/index.php\/wp-json\/wp\/v2\/media?parent=1669"}],"wp:term":[{"taxonomy":"category","embeddable":true,"href":"https:\/\/ditori.com\/index.php\/wp-json\/wp\/v2\/categories?post=1669"},{"taxonomy":"post_tag","embeddable":true,"href":"https:\/\/ditori.com\/index.php\/wp-json\/wp\/v2\/tags?post=1669"}],"curies":[{"name":"wp","href":"https:\/\/api.w.org\/{rel}","templated":true}]}}