{"id":1400,"date":"2023-09-08T07:40:47","date_gmt":"2023-09-08T07:40:47","guid":{"rendered":"https:\/\/ditori.com\/?p=1400"},"modified":"2023-09-08T07:40:47","modified_gmt":"2023-09-08T07:40:47","slug":"liberalizimi-e-rrezikon-kosoven-te-mbetet-pa-punetore-bizneset-fillojne-ti-marrin-nga-vendet-aziatike","status":"publish","type":"post","link":"https:\/\/ditori.com\/index.php\/2023\/09\/08\/liberalizimi-e-rrezikon-kosoven-te-mbetet-pa-punetore-bizneset-fillojne-ti-marrin-nga-vendet-aziatike\/","title":{"rendered":"Liberalizimi e rrezikon Kosov\u00ebn t\u00eb mbetet pa pun\u00ebtor\u00eb, bizneset fillojn\u00eb t\u2019i marrin nga vendet aziatike"},"content":{"rendered":"<p>P\u00ebrfaq\u00ebsuesit e bizneseve n\u00eb Kosov\u00eb deklaruan p\u00ebr Ekonomia Online se shum\u00eb biznese nga frika e ikjes masive pas liberalizimit t\u00eb vizave, kan\u00eb filluar q\u00eb t\u00eb marrin pun\u00ebtor\u00eb nga vendet e huaja.<\/p>\n<p>Sipas tyre pjesa me e madhe e k\u00ebtyre pun\u00ebtor\u00ebve vijn\u00eb nga vendet aziatike dhe Turqia. Ata kan\u00eb k\u00ebrkuar q\u00eb sip\u00ebrmarr\u00ebsit kosovar\u00eb t\u2019i ngrisin standardet\u00a0 p\u00ebr pun\u00ebtoret e Qeveria t\u2019a subvencionoj\u00eb sektorin privat, n\u00eb m\u00ebnyr\u00eb q\u00eb me rritje pagash t\u00eb mos largohen pun\u00ebtor\u00ebt.<\/p>\n<p>Kryetar i Aleanc\u00ebs Kosovare t\u00eb Bizneseve, Agim Shahini, tha se deri m\u00eb tani n\u00eb Kosov\u00eb kan\u00eb ardhur 500 pun\u00ebtor t\u00eb huaj, nga Turqia dhe Bangladeshi n\u00eb munges\u00eb t\u00eb fuqis\u00eb pun\u00ebtore vendase.<\/p>\n<p>Shahini tha se me liberalizimin e vizave i cili pritet q\u00eb t\u00eb b\u00ebhet me 1 janar 2024 vendi rrezikohet qe ta l\u00ebn\u00eb nj\u00eb num\u00ebr i madh i pun\u00ebtor\u00ebve.<\/p>\n<p>\u201cLiberalizimi i vizave n\u00eb Kosov\u00eb do t\u00eb merr me veti nga nj\u00eb janari 2024 nj\u00eb num\u00ebr t\u00eb madh t\u00eb pun\u00ebtor\u00ebve por edhe njer\u00ebzve t\u00eb tjer\u00eb q\u00eb nuk jan\u00eb n\u00eb pun\u00eb, shqet\u00ebsimi m\u00eb i madh \u00ebsht\u00eb i tregut t\u00eb pun\u00ebs ku mesatarisht neve na ikun edhe sot mbi 50 mij\u00eb veta me viza t\u00eb pun\u00ebs. Kurse pas dat\u00ebs nj\u00eb janar ne do t\u00eb kemi m\u00eb shum\u00eb t\u00eb interesuar p\u00ebr t\u00eb gjetur nj\u00eb jet\u00eb m\u00eb t\u00eb mir\u00eb. Por n\u00eb k\u00ebt\u00eb rast me siguri q\u00eb nd\u00ebrmarr\u00ebsit Kosovar\u00eb nuk do t\u00eb rijn\u00eb duar kryq do t\u00eb b\u00ebjn\u00eb zgjidhje dhe jan\u00eb duke b\u00ebr\u00eb zgjidhje p\u00ebr t\u00eb gjetur krah\u00eb t\u00eb pun\u00ebs, fuqi pun\u00ebtore nga vendet e ndryshme t\u00eb bot\u00ebs dhe sidomos nga vendet e Azis\u00eb. Me k\u00ebt\u00eb rast kemi nj\u00eb num\u00ebr t\u00eb konsideruesh\u00ebm t\u00eb pun\u00ebtor\u00ebve q\u00eb kan\u00eb ardhur nga Turqia, nga Bangladeshi dhe sipas sh\u00ebnimeve tona brenda nj\u00eb periudhe t\u00eb shkurt\u00ebr kan\u00eb hyr n\u00eb treg t\u00eb pun\u00ebs fuqi pun\u00ebtore rreth 500 pun\u00ebtor t\u00eb huaj t\u00eb cil\u00ebt jan\u00eb duke punuar n\u00eb Kosov\u00eb n\u00eb munges\u00eb t\u00eb fuqis\u00eb pun\u00ebtore t\u00eb kosovar\u00ebve\u201d, tha ai.<\/p>\n<p>Kryetari i AKB-s\u00eb tha s\u00eb n\u00eb m\u00ebnyr\u00eb q\u00eb t\u00eb parandalohet ikja e pun\u00ebtor\u00ebve nga vendi sip\u00ebrmarr\u00ebsit vendas duhet q\u00eb t\u00eb ngrisin standardet dhe kushtet e pun\u00ebs p\u00ebr pun\u00ebtor\u00ebt.<\/p>\n<p>E sipas tij qeveria duhet q\u00eb ti subvenciono m\u00eb shum\u00eb sektorin privat n\u00eb m\u00ebnyr\u00eb q\u00eb ata ti ngrisin rrogat p\u00ebr pun\u00ebtoret.<\/p>\n<p>\u201cN\u00eb si AKB kemi b\u00ebr\u00eb thirrje tek sip\u00ebrmarr\u00ebsit kosovar\u00eb q\u00eb ata t\u00eb ngritin standardet m\u00eb t\u00eb larta p\u00ebr pun\u00ebtor\u00ebt aktual, ti ngritin pagat, kushtet e pun\u00ebs n\u00eb m\u00ebnyr\u00eb q\u00eb me \u00e7do kusht ti mbajm\u00eb pun\u00ebtor\u00ebt aktual aktiv q\u00eb jan\u00eb n\u00eb pun\u00eb. E dyta i kemi ftuar institucionet e Kosov\u00ebs q\u00eb t\u00eb subvenciono m\u00eb shum\u00eb sektorin privat sidomos tek\u00ebt pagat n\u00eb m\u00ebnyr\u00eb q\u00eb t\u00eb kemi rrite t\u00eb pag\u00ebse sepse dallimi mes\u00eb pag\u00ebs s\u00eb sektorit privat dhe publik\u00eb \u00ebsht\u00eb i lart\u00eb dhe kjo e b\u00ebn\u00eb q\u00eb t\u00eb mos jen\u00eb t\u00eb barabart\u00eb n\u00eb paga pun\u00ebtor\u00ebt e nj\u00eb profesioni t\u00eb nj\u00ebjt\u00eb. Kjo do ti ndihmonte pun\u00ebtoret por edhe do t\u00eb ul\u00ebte interesimin e njer\u00ebzve p\u00ebr t\u00eb ikur nga Kosova\u201d, tha ai p\u00ebr EO.<\/p>\n<p>Kryetari i Od\u00ebs s\u00eb Hoteleris\u00eb dhe Turizmit, Hysen Sogojeva, tha se mungesa e pun\u00ebtoreve \u00ebsht\u00eb duke u ndier n\u00eb gjith\u00eb sektor\u00ebt, por sipas tij, situate ende nuk \u00ebsht\u00eb n\u00eb at\u00eb stadin p\u00ebr tu shqet\u00ebsuar.<\/p>\n<p>\u201cKjo jo vet\u00ebm n\u00eb hoteleri dhe turiz\u00ebm por edhe n\u00eb veprimtarit tjera ndihet kjo mungesa e pun\u00ebtoreve por ende mund t\u00eb them lirisht q\u00eb ende nuk kemi n\u00eb at\u00eb stadin e lart\u00eb q\u00eb mu shqet\u00ebsuar aq shum\u00eb sepse edhe n\u00eb koh\u00ebn e diaspora q\u00eb i pat\u00ebm n\u00eb Kosov\u00eb edhe pse \u00ebsht\u00eb ndier nevoja p\u00ebr m\u00eb shum\u00eb pun\u00ebtor, megjithat\u00eb gjitha subjektet hoteliere n\u00eb forma t\u00eb ndryshme jan\u00eb gjetur dhe nuk kemi ndonj\u00eb shqet\u00ebsim n\u00eb lidhur me k\u00ebt\u00eb\u201d, tha ai.<\/p>\n<p>Sogojeva tha se shum\u00eb kompani nga frika se shum\u00eb pun\u00ebtor mund t\u00eb largohen pas liberalizimit t\u00eb vizave, jan\u00eb duke n\u00ebnshkruar kontrata p\u00ebr sjelljen e pun\u00ebtoreve nga vendet e huaja.<\/p>\n<p>Sipas tij, k\u00ebta pun\u00ebtor viejn nga vendet Aziatike, Turqia por edhe nga disa vende t\u00eb tjera.<\/p>\n<p>\u201cVet\u00eb fakti q\u00eb pritet q\u00eb n\u00eb janar t\u00eb kemi liberalizimin e vizave dhe t\u00eb ju jepet mund\u00ebsia me dal do t\u00eb thot\u00eb n\u00eb nj\u00eb far forme secila kompani \u00ebsht\u00eb duke menduar se \u00e7ka mas dy janarit t\u00eb vitit t\u00eb ardhsh\u00ebm n\u00ebse kish me pas nj\u00eb migrim m\u00eb t\u00eb madh t\u00eb popullat\u00ebs e sidomos k\u00ebtyre t\u00eb rinjve. Kemi informata nga krejt Kosova ve\u00e7 disa kompani kan\u00eb n\u00ebnshkruar kontrata p\u00ebr sjelljen, sidomos atyre profesioneve deficitare q\u00eb edhe sot jan\u00eb prezent\u00eb. Kemi informata q\u00eb prej vendeve aziatike zakonisht por kemi edhe prej Turqis\u00eb, sidomos kuzhinier\u00ebt jan\u00eb duke ardhur m\u00eb t\u00eb madhe, ka disa qe jan\u00eb me standarde m\u00eb t\u00eb larta q\u00eb marrin edhe prej Italis\u00eb, por kjo ve\u00e7 ka filluar si trend edhe kjo ka filluar si rezultat i asaj q\u00eb pritet q\u00eb pas janarit t\u00eb kemi nj\u00eb fluks t\u00eb largimit. Secili biznes i gj\u00ebn\u00eb format e veprimit, p\u00ebr shembull ka raste q\u00eb disa biznese jan\u00eb duke menduar edhe n\u00eb kalimin e sistemit t\u00eb vet\u00ebsh\u00ebrbimit. Do t\u00eb thot\u00eb q\u00eb vet\u00eb t\u00eb sh\u00ebrbehen, kjo i mund\u00ebson q\u00eb me nj\u00eb pun\u00ebtor t\u00eb z\u00ebvend\u00ebsohen 3-4 pun\u00ebtor\u201d, tha ai.<\/p>\n<p>Ai b\u00ebri thirrje q\u00eb qeveria t\u00eb ju dal\u00eb n\u00eb ndihm\u00eb bizneseve me mjete financiare q\u00eb ata tu rrisin pagat pun\u00ebtorve, k\u00ebshtu q\u00eb ata t\u00eb mos e l\u00ebshojn\u00eb vendin.<\/p>\n<p>\u201cE para duhet q\u00eb t\u00eb ju ndihmohet k\u00ebtyre bizneseve q\u00eb t\u00eb punojn\u00eb q\u00eb t\u00eb ken\u00eb ata nj\u00eb stabilitet n\u00eb biznesin e vet\u00eb, momentin kur \u00ebsht\u00eb stabil ai mendon q\u00eb t\u00eb kemi edhe rritjen e pagave tek\u00eb pun\u00ebtoret. N\u00eb momentin kur kemi rritjen e pagave t\u00eb pun\u00ebtor\u00ebve un\u00eb jam i bindur q\u00eb nuk kan\u00eb llogari edhe t\u00eb rinjt\u00eb q\u00eb t\u00eb shkojn\u00eb p\u00ebr 1700 euro q\u00eb me punuar diku jasht\u00eb n\u00ebse k\u00ebtu i b\u00ebhet nj\u00eb pag\u00eb e mir\u00eb kur dihet q\u00eb atje ka shpenzime t\u00eb tjera si qerja\u201d, tha ai.<\/p>\n","protected":false},"excerpt":{"rendered":"<p>P\u00ebrfaq\u00ebsuesit e bizneseve n\u00eb Kosov\u00eb deklaruan p\u00ebr Ekonomia Online se shum\u00eb biznese nga frika e ikjes masive pas liberalizimit t\u00eb vizave, kan\u00eb filluar q\u00eb t\u00eb marrin pun\u00ebtor\u00eb nga vendet e huaja. Sipas tyre pjesa me e madhe e k\u00ebtyre pun\u00ebtor\u00ebve vijn\u00eb nga vendet aziatike dhe Turqia. Ata kan\u00eb k\u00ebrkuar q\u00eb sip\u00ebrmarr\u00ebsit kosovar\u00eb t\u2019i ngrisin standardet\u00a0 [&hellip;]<\/p>\n","protected":false},"author":4,"featured_media":1401,"comment_status":"open","ping_status":"open","sticky":false,"template":"","format":"standard","meta":{"footnotes":""},"categories":[9],"tags":[],"_links":{"self":[{"href":"https:\/\/ditori.com\/index.php\/wp-json\/wp\/v2\/posts\/1400"}],"collection":[{"href":"https:\/\/ditori.com\/index.php\/wp-json\/wp\/v2\/posts"}],"about":[{"href":"https:\/\/ditori.com\/index.php\/wp-json\/wp\/v2\/types\/post"}],"author":[{"embeddable":true,"href":"https:\/\/ditori.com\/index.php\/wp-json\/wp\/v2\/users\/4"}],"replies":[{"embeddable":true,"href":"https:\/\/ditori.com\/index.php\/wp-json\/wp\/v2\/comments?post=1400"}],"version-history":[{"count":1,"href":"https:\/\/ditori.com\/index.php\/wp-json\/wp\/v2\/posts\/1400\/revisions"}],"predecessor-version":[{"id":1402,"href":"https:\/\/ditori.com\/index.php\/wp-json\/wp\/v2\/posts\/1400\/revisions\/1402"}],"wp:featuredmedia":[{"embeddable":true,"href":"https:\/\/ditori.com\/index.php\/wp-json\/wp\/v2\/media\/1401"}],"wp:attachment":[{"href":"https:\/\/ditori.com\/index.php\/wp-json\/wp\/v2\/media?parent=1400"}],"wp:term":[{"taxonomy":"category","embeddable":true,"href":"https:\/\/ditori.com\/index.php\/wp-json\/wp\/v2\/categories?post=1400"},{"taxonomy":"post_tag","embeddable":true,"href":"https:\/\/ditori.com\/index.php\/wp-json\/wp\/v2\/tags?post=1400"}],"curies":[{"name":"wp","href":"https:\/\/api.w.org\/{rel}","templated":true}]}}