{"id":1293,"date":"2023-09-07T07:42:23","date_gmt":"2023-09-07T07:42:23","guid":{"rendered":"https:\/\/ditori.com\/?p=1293"},"modified":"2023-09-07T07:42:23","modified_gmt":"2023-09-07T07:42:23","slug":"banka-boterore-dhe-fondi-monetar-nderkombetar-konfirmojne-mbeshtetjen-per-projektet-e-sektorit-financiar-te-kosoves","status":"publish","type":"post","link":"https:\/\/ditori.com\/index.php\/2023\/09\/07\/banka-boterore-dhe-fondi-monetar-nderkombetar-konfirmojne-mbeshtetjen-per-projektet-e-sektorit-financiar-te-kosoves\/","title":{"rendered":"Banka Bot\u00ebrore dhe Fondi Monetar Nd\u00ebrkomb\u00ebtar konfirmojn\u00eb mb\u00ebshtetjen p\u00ebr projektet e sektorit financiar t\u00eb Kosov\u00ebs"},"content":{"rendered":"<p>Banka Qendrore e Kosov\u00ebs njofton se ka siguruar bashk\u00ebpunimin p\u00ebr projektet q\u00eb zhvillojn\u00eb sektorin financiar dhe ekonomik t\u00eb vendit nga Banka Bot\u00ebrore (BB) dhe Fondi Monetar Nd\u00ebrkomb\u00ebtar (FMN).<\/p>\n<p>Kjo u tha pas takimit t\u00eb guvernatorit t\u00eb BQK-s\u00eb, Ahmet Ismaili me p\u00ebrfaq\u00ebsuesit e BB-s\u00eb dhe FMN-s\u00eb.<\/p>\n<p>\u201cMassimiliano Paolucci theksoi se Banka Bot\u00ebrore do t\u00eb vazhdoj\u00eb t\u00eb mbaj\u00eb n\u00eb nivel t\u00eb lart\u00eb bashk\u00ebpunimin me BQK-n\u00eb, n\u00eb realizimin e projekteve q\u00eb p\u00ebr q\u00ebllim kryesor kan\u00eb zhvillimin e vazhduesh\u00ebm t\u00eb sektorit financiar dhe t\u00eb ekonomis\u00eb s\u00eb Kosov\u00ebs n\u00eb p\u00ebrgjith\u00ebsi\u201d, njofton BQK.<\/p>\n<p>\u201c\u00c7\u00ebshtjet e bashk\u00ebpunimit dhe asistenc\u00ebs teknike t\u00eb diskutuara pritet t\u00eb finalizohen n\u00eb takimet vjetore t\u00eb FMN-s\u00eb dhe BB-s\u00eb q\u00eb do t\u00eb mbahen n\u00eb muajin tetor t\u00eb k\u00ebtij viti, ku do t\u00eb marr\u00eb pjes\u00eb edhe delegacioni i BQK-s\u00eb\u201d, vijon njoftimi.<\/p>\n<p>Po ashtu, shefi i ri i Zyr\u00ebs Regjionale t\u00eb FMN-s\u00eb p\u00ebr Ballkanin Per\u00ebndimor, Sebastian Sosa ka premtuar se ky institucion do t\u00eb vazhdoj ta mb\u00ebshtes vendin ton\u00eb.<\/p>\n<p>\u201cSosa ka siguruar nga ana e FMN-s\u00eb vazhdimin e mb\u00ebshtetjes n\u00eb realizimin e projekteve t\u00eb planifikuara\u201d, p\u00ebrfundon BQK-ja.<\/p>\n","protected":false},"excerpt":{"rendered":"<p>Banka Qendrore e Kosov\u00ebs njofton se ka siguruar bashk\u00ebpunimin p\u00ebr projektet q\u00eb zhvillojn\u00eb sektorin financiar dhe ekonomik t\u00eb vendit nga Banka Bot\u00ebrore (BB) dhe Fondi Monetar Nd\u00ebrkomb\u00ebtar (FMN). Kjo u tha pas takimit t\u00eb guvernatorit t\u00eb BQK-s\u00eb, Ahmet Ismaili me p\u00ebrfaq\u00ebsuesit e BB-s\u00eb dhe FMN-s\u00eb. \u201cMassimiliano Paolucci theksoi se Banka Bot\u00ebrore do t\u00eb vazhdoj\u00eb t\u00eb [&hellip;]<\/p>\n","protected":false},"author":4,"featured_media":1294,"comment_status":"open","ping_status":"open","sticky":false,"template":"","format":"standard","meta":{"footnotes":""},"categories":[9],"tags":[],"_links":{"self":[{"href":"https:\/\/ditori.com\/index.php\/wp-json\/wp\/v2\/posts\/1293"}],"collection":[{"href":"https:\/\/ditori.com\/index.php\/wp-json\/wp\/v2\/posts"}],"about":[{"href":"https:\/\/ditori.com\/index.php\/wp-json\/wp\/v2\/types\/post"}],"author":[{"embeddable":true,"href":"https:\/\/ditori.com\/index.php\/wp-json\/wp\/v2\/users\/4"}],"replies":[{"embeddable":true,"href":"https:\/\/ditori.com\/index.php\/wp-json\/wp\/v2\/comments?post=1293"}],"version-history":[{"count":1,"href":"https:\/\/ditori.com\/index.php\/wp-json\/wp\/v2\/posts\/1293\/revisions"}],"predecessor-version":[{"id":1295,"href":"https:\/\/ditori.com\/index.php\/wp-json\/wp\/v2\/posts\/1293\/revisions\/1295"}],"wp:featuredmedia":[{"embeddable":true,"href":"https:\/\/ditori.com\/index.php\/wp-json\/wp\/v2\/media\/1294"}],"wp:attachment":[{"href":"https:\/\/ditori.com\/index.php\/wp-json\/wp\/v2\/media?parent=1293"}],"wp:term":[{"taxonomy":"category","embeddable":true,"href":"https:\/\/ditori.com\/index.php\/wp-json\/wp\/v2\/categories?post=1293"},{"taxonomy":"post_tag","embeddable":true,"href":"https:\/\/ditori.com\/index.php\/wp-json\/wp\/v2\/tags?post=1293"}],"curies":[{"name":"wp","href":"https:\/\/api.w.org\/{rel}","templated":true}]}}