{"id":1086,"date":"2023-09-04T09:02:01","date_gmt":"2023-09-04T09:02:01","guid":{"rendered":"https:\/\/ditori.com\/?p=1086"},"modified":"2023-09-04T09:02:01","modified_gmt":"2023-09-04T09:02:01","slug":"prodhoi-dhe-shperndau-produkte-te-demshme-mjekesore-arrestohet-i-dyshuari","status":"publish","type":"post","link":"https:\/\/ditori.com\/index.php\/2023\/09\/04\/prodhoi-dhe-shperndau-produkte-te-demshme-mjekesore-arrestohet-i-dyshuari\/","title":{"rendered":"Prodhoi dhe shp\u00ebrndau produkte t\u00eb d\u00ebmshme mjek\u00ebsore, arrestohet i dyshuari"},"content":{"rendered":"<p>Nj\u00eb person \u00ebsht\u00eb arrestuar pasi akuzohet p\u00ebr prodhim dhe shp\u00ebrndarje t\u00eb produkteve t\u00eb d\u00ebmshme mjek\u00ebsore.<\/p>\n<p>Kjo u b\u00eb e ditur nga njoftimi p\u00ebr media nga Policia e Kosov\u00ebs.<\/p>\n<p>Sipas njoftimit, Drejtoria p\u00ebr hetimin e krimeve ekonomike dhe korrupsionit gjat\u00eb kontrollit ka hasur nj\u00eb sasi barnash (lloje t\u00eb ndryshme) pa banderola t\u00eb Republik\u00ebs s\u00eb Kosov\u00ebs, t\u00eb cilat dyshohet se n\u00eb vendin ton\u00eb kan\u00eb hyr\u00eb n\u00eb form\u00eb t\u00eb kontrabanduar.<\/p>\n<p>I dyshuari \u00ebsht\u00eb intervistuar n\u00eb prezenc\u00eb t\u00eb avokatit mbrojt\u00ebs dhe nj\u00ebkoh\u00ebsisht \u00ebsht\u00eb b\u00ebr\u00eb edhe verifikimi i s\u00eb kaluar\u00ebs kriminale p\u00ebr t\u00eb dyshuarin ku rezulton se i nj\u00ebjti n\u00eb muajin mars t\u00eb k\u00ebtij viti kishte qen\u00eb i p\u00ebrfshir\u00eb n\u00eb nj\u00eb rast t\u00eb nj\u00ebjt\u00eb, p\u00ebr vep\u00ebr t\u00eb nj\u00ebjt\u00eb penale.<\/p>\n","protected":false},"excerpt":{"rendered":"<p>Nj\u00eb person \u00ebsht\u00eb arrestuar pasi akuzohet p\u00ebr prodhim dhe shp\u00ebrndarje t\u00eb produkteve t\u00eb d\u00ebmshme mjek\u00ebsore. Kjo u b\u00eb e ditur nga njoftimi p\u00ebr media nga Policia e Kosov\u00ebs. Sipas njoftimit, Drejtoria p\u00ebr hetimin e krimeve ekonomike dhe korrupsionit gjat\u00eb kontrollit ka hasur nj\u00eb sasi barnash (lloje t\u00eb ndryshme) pa banderola t\u00eb Republik\u00ebs s\u00eb Kosov\u00ebs, t\u00eb [&hellip;]<\/p>\n","protected":false},"author":4,"featured_media":1087,"comment_status":"open","ping_status":"open","sticky":false,"template":"","format":"standard","meta":{"footnotes":""},"categories":[9],"tags":[],"_links":{"self":[{"href":"https:\/\/ditori.com\/index.php\/wp-json\/wp\/v2\/posts\/1086"}],"collection":[{"href":"https:\/\/ditori.com\/index.php\/wp-json\/wp\/v2\/posts"}],"about":[{"href":"https:\/\/ditori.com\/index.php\/wp-json\/wp\/v2\/types\/post"}],"author":[{"embeddable":true,"href":"https:\/\/ditori.com\/index.php\/wp-json\/wp\/v2\/users\/4"}],"replies":[{"embeddable":true,"href":"https:\/\/ditori.com\/index.php\/wp-json\/wp\/v2\/comments?post=1086"}],"version-history":[{"count":1,"href":"https:\/\/ditori.com\/index.php\/wp-json\/wp\/v2\/posts\/1086\/revisions"}],"predecessor-version":[{"id":1088,"href":"https:\/\/ditori.com\/index.php\/wp-json\/wp\/v2\/posts\/1086\/revisions\/1088"}],"wp:featuredmedia":[{"embeddable":true,"href":"https:\/\/ditori.com\/index.php\/wp-json\/wp\/v2\/media\/1087"}],"wp:attachment":[{"href":"https:\/\/ditori.com\/index.php\/wp-json\/wp\/v2\/media?parent=1086"}],"wp:term":[{"taxonomy":"category","embeddable":true,"href":"https:\/\/ditori.com\/index.php\/wp-json\/wp\/v2\/categories?post=1086"},{"taxonomy":"post_tag","embeddable":true,"href":"https:\/\/ditori.com\/index.php\/wp-json\/wp\/v2\/tags?post=1086"}],"curies":[{"name":"wp","href":"https:\/\/api.w.org\/{rel}","templated":true}]}}