{"id":1055,"date":"2023-09-01T07:59:45","date_gmt":"2023-09-01T07:59:45","guid":{"rendered":"https:\/\/ditori.com\/?p=1055"},"modified":"2023-09-01T07:59:45","modified_gmt":"2023-09-01T07:59:45","slug":"osmani-uron-vitin-e-ri-shkollor-beteja-per-dije-nuk-perfundon-kurre","status":"publish","type":"post","link":"https:\/\/ditori.com\/index.php\/2023\/09\/01\/osmani-uron-vitin-e-ri-shkollor-beteja-per-dije-nuk-perfundon-kurre\/","title":{"rendered":"Osmani uron vitin e ri shkollor: Beteja p\u00ebr dije nuk p\u00ebrfundon kurr\u00eb"},"content":{"rendered":"<p><strong>Presidentja e Republik\u00ebs s\u00eb Kosov\u00ebs, Vjosa Osmani sot ka uruar nx\u00ebn\u00ebsit p\u00ebr vitin e ri shkollor.<\/strong><\/p>\n<div class=\"code-block code-block-43 code-block-pas-paragrafit-2t-inarticle\">\n<div>\n<p>Osmani p\u00ebrmes nj\u00eb njoftimi p\u00ebr media thuhet se nx\u00ebn\u00ebsit kan\u00eb nj\u00eb mund\u00ebsi t\u00eb r\u00eb p\u00ebr ta sfiduar veten dhe p\u00ebr t\u00eb zgjeruar horizontin e dijes.<\/p>\n<p>\u201cMe mendje t\u00eb hapura p\u00ebr dije dhe zemra t\u00eb mbushura me emocione, nx\u00ebn\u00ebsit tan\u00eb po e nisin k\u00ebt\u00eb vit t\u00eb ri shkollor, i cili \u00ebsht\u00eb nj\u00eb kapitull i ri, nj\u00eb mund\u00ebsi p\u00ebr t\u00eb\u00a0 m\u00ebsuar di\u00e7ka t\u00eb re, p\u00ebr ta sfiduar veten dhe p\u00ebr ta zgjeruar horizontin e dijes\u201d, ka th\u00ebn\u00eb Presidentja Osmani.<\/p>\n<p>M\u00eb tej, Presidentja Osmani ka theksuar se beteja p\u00ebr dije nuk p\u00ebrfundon kurr\u00eb.<\/p>\n<p>\u201cNd\u00ebrsa po nisni nj\u00eb vit t\u00eb ri shkollor, le ta sjellim n\u00eb v\u00ebmendje se arsimimi nuk ka t\u00eb b\u00ebj\u00eb vet\u00ebm me libra dhe teste, por me kultivimin e ndjeshm\u00ebris\u00eb, t\u00eb menduarit kritik dhe kreativitetin.\u00a0 Beteja p\u00ebr dije nuk p\u00ebrfundon kurr\u00eb! Urime 1 shtatori! Sukseset e sh\u00ebnofshin \u00e7do dit\u00eb t\u00eb k\u00ebtij viti shkollor!\u201d, ka theksuar Presidentja Osmani.<\/p>\n<\/div>\n<\/div>\n","protected":false},"excerpt":{"rendered":"<p>Presidentja e Republik\u00ebs s\u00eb Kosov\u00ebs, Vjosa Osmani sot ka uruar nx\u00ebn\u00ebsit p\u00ebr vitin e ri shkollor. Osmani p\u00ebrmes nj\u00eb njoftimi p\u00ebr media thuhet se nx\u00ebn\u00ebsit kan\u00eb nj\u00eb mund\u00ebsi t\u00eb r\u00eb p\u00ebr ta sfiduar veten dhe p\u00ebr t\u00eb zgjeruar horizontin e dijes. \u201cMe mendje t\u00eb hapura p\u00ebr dije dhe zemra t\u00eb mbushura me emocione, nx\u00ebn\u00ebsit tan\u00eb [&hellip;]<\/p>\n","protected":false},"author":4,"featured_media":1056,"comment_status":"open","ping_status":"open","sticky":false,"template":"","format":"standard","meta":{"footnotes":""},"categories":[9],"tags":[],"_links":{"self":[{"href":"https:\/\/ditori.com\/index.php\/wp-json\/wp\/v2\/posts\/1055"}],"collection":[{"href":"https:\/\/ditori.com\/index.php\/wp-json\/wp\/v2\/posts"}],"about":[{"href":"https:\/\/ditori.com\/index.php\/wp-json\/wp\/v2\/types\/post"}],"author":[{"embeddable":true,"href":"https:\/\/ditori.com\/index.php\/wp-json\/wp\/v2\/users\/4"}],"replies":[{"embeddable":true,"href":"https:\/\/ditori.com\/index.php\/wp-json\/wp\/v2\/comments?post=1055"}],"version-history":[{"count":1,"href":"https:\/\/ditori.com\/index.php\/wp-json\/wp\/v2\/posts\/1055\/revisions"}],"predecessor-version":[{"id":1057,"href":"https:\/\/ditori.com\/index.php\/wp-json\/wp\/v2\/posts\/1055\/revisions\/1057"}],"wp:featuredmedia":[{"embeddable":true,"href":"https:\/\/ditori.com\/index.php\/wp-json\/wp\/v2\/media\/1056"}],"wp:attachment":[{"href":"https:\/\/ditori.com\/index.php\/wp-json\/wp\/v2\/media?parent=1055"}],"wp:term":[{"taxonomy":"category","embeddable":true,"href":"https:\/\/ditori.com\/index.php\/wp-json\/wp\/v2\/categories?post=1055"},{"taxonomy":"post_tag","embeddable":true,"href":"https:\/\/ditori.com\/index.php\/wp-json\/wp\/v2\/tags?post=1055"}],"curies":[{"name":"wp","href":"https:\/\/api.w.org\/{rel}","templated":true}]}}