{"id":1052,"date":"2023-09-01T07:49:05","date_gmt":"2023-09-01T07:49:05","guid":{"rendered":"https:\/\/ditori.com\/?p=1052"},"modified":"2023-09-01T07:49:05","modified_gmt":"2023-09-01T07:49:05","slug":"ministrja-e-drejtesise-e-dergon-djalin-ne-shkolle-tregon-sa-i-kushtuan-librat","status":"publish","type":"post","link":"https:\/\/ditori.com\/index.php\/2023\/09\/01\/ministrja-e-drejtesise-e-dergon-djalin-ne-shkolle-tregon-sa-i-kushtuan-librat\/","title":{"rendered":"Ministrja e Drejt\u00ebsis\u00eb e d\u00ebrgon djalin n\u00eb shkoll\u00eb, tregon sa i kushtuan librat"},"content":{"rendered":"<p>Ministrja e Drejt\u00ebsis\u00eb, Albulena Haxhiu, t\u00eb premten e shoq\u00ebruar nga bashk\u00ebshorti i saj Albani, e ka d\u00ebrguar djalin e saj n\u00eb shkoll\u00ebn \u201cMeto Bajraktari\u201d n\u00eb Prishtin\u00eb, me rastin e fillimit t\u00eb vitit t\u00eb ri shkollor, raporton Ekonomia Online.<\/p>\n<p>Me k\u00ebt\u00eb rast, Haxhiu ka th\u00ebn\u00eb p\u00ebr Ekonomia Online se e ka shfryt\u00ebzuar edhe t\u00eb drejt\u00ebn e subvencionimit p\u00ebr libra. Tha se procedura ka zgjatur disa minuta dhe se kostoja totale e librave i kushtuan 130 euro, p\u00ebr t\u00eb dy f\u00ebmij\u00ebt.<\/p>\n<p>T\u00eb parin tha se e ka n\u00eb klas\u00eb t\u00eb pest\u00eb, nd\u00ebrsa tjetri n\u00eb t\u00eb par\u00ebn. E nj\u00eb vajz\u00eb n\u00eb \u00e7erdhe.<\/p>\n<p>Sipas saj proceduar ka zgjatur vet\u00ebm tre minuta dhe ishte leht\u00eb i qassh\u00ebm n\u00eb sistem.<\/p>\n<p>\u201cPo si\u00e7 po e shihni sot f\u00ebmij\u00ebt duken q\u00eb t\u00eb gjith\u00eb jan\u00eb t\u00eb lumtur, edhe un\u00eb e sjella bashk\u00eb me bashk\u00ebshortin tim djalin i cili fillon klas\u00ebn e par\u00eb sot pik\u00ebrisht e kam edhe tjetrin q\u00eb e fillon klas\u00ebn e pest\u00eb dhe vajz\u00ebn q\u00eb \u00ebsht\u00eb ende n\u00eb kopsht. Megjithat\u00eb p\u00ebr ne si prind\u00ebr \u00ebsht\u00eb nj\u00eb ndjenj\u00eb jasht\u00ebzakonisht e mir\u00eb, jemi t\u00eb emocionuar sepse si prind\u00ebr gjithnj\u00eb e duam m\u00eb t\u00eb mir\u00ebn p\u00ebr f\u00ebmij\u00ebt n\u00eb p\u00ebrgjith\u00ebsi\u201d, deklaroi ajo.<\/p>\n<p>\u201c\u00cbsht\u00eb e v\u00ebrtet q\u00eb Ministria e Arsimit n\u00eb k\u00ebt\u00eb vit ka nd\u00ebrruar form\u00ebn e subvencionimit, ka subvencionuar prind\u00ebrit p\u00ebr tekstet shkollore dhe materialet tjera qe ju duhen f\u00ebmij\u00ebve. Un\u00eb kam aplikuar p\u00ebr subvencionim sikur se \u00e7do prind\u00ebr. Procedura ka zgjatur diku tre minuta, jo m\u00eb shum\u00eb se tre minuta dhe sigurisht q\u00eb MAShTI ka b\u00ebr\u00eb t\u00eb ditur q\u00eb tashm\u00eb grupi i par\u00eb i aplikuesve e kan\u00eb marr subvencionin nga Qeveria. Realisht ne i kemi bler\u00eb tekstet shkollore dhe p\u00ebr dy f\u00ebmij\u00ebt jan\u00eb b\u00ebr\u00eb diku 130 e ca euro, q\u00eb un\u00eb mendoj q\u00eb edhe pjesa tjet\u00ebr e mbetur mund t\u00eb shpenzohet p\u00ebr qanat apo p\u00ebr materiale t\u00eb tjera\u201d, tha ajo.<\/p>\n<p>Sa i p\u00ebrket keqp\u00ebrdorimeve nga librarit\u00eb , Haxhiu u shpreh se nuk e ka v\u00ebrejtur k\u00ebt\u00eb dukuri, teksa p\u00ebrmendi edhe pasojat p\u00ebr keqp\u00ebrdoruesit.<\/p>\n<p>\u201cUn\u00eb nuk e kam v\u00ebrejtur k\u00ebt\u00eb, ndon\u00ebse nuk e p\u00ebrjashtoj faktin q\u00eb dikush t\u00eb keqp\u00ebrdor k\u00ebt\u00eb \u00e7\u00ebshtje. Prandaj si\u00e7 e keni par\u00eb MASHT dje ka takuar Autoritetin e Konkurrenc\u00ebs p\u00ebr t\u00eb pasur parasysh kontrollin apo inspektimin q\u00eb ja b\u00ebn\u00eb sht\u00ebpive botuese, librarive edhe t\u00eb tjera. Prandaj un\u00eb besoj q\u00eb secili duhet ta kryej pun\u00ebn e tij apo saj, un\u00eb po t\u00eb kisha ndonj\u00eb problem sigurisht q\u00eb do ta raportoja n\u00eb Ministri apo do ta b\u00ebja publik sepse \u00ebsht\u00eb e papranueshme t\u00eb keqp\u00ebrdoren sidomos kur ka t\u00eb b\u00ebj\u00eb me tekstet shkollore\u201d, tha ajo.<\/p>\n","protected":false},"excerpt":{"rendered":"<p>Ministrja e Drejt\u00ebsis\u00eb, Albulena Haxhiu, t\u00eb premten e shoq\u00ebruar nga bashk\u00ebshorti i saj Albani, e ka d\u00ebrguar djalin e saj n\u00eb shkoll\u00ebn \u201cMeto Bajraktari\u201d n\u00eb Prishtin\u00eb, me rastin e fillimit t\u00eb vitit t\u00eb ri shkollor, raporton Ekonomia Online. Me k\u00ebt\u00eb rast, Haxhiu ka th\u00ebn\u00eb p\u00ebr Ekonomia Online se e ka shfryt\u00ebzuar edhe t\u00eb drejt\u00ebn e [&hellip;]<\/p>\n","protected":false},"author":4,"featured_media":1053,"comment_status":"open","ping_status":"open","sticky":false,"template":"","format":"standard","meta":{"footnotes":""},"categories":[9],"tags":[],"_links":{"self":[{"href":"https:\/\/ditori.com\/index.php\/wp-json\/wp\/v2\/posts\/1052"}],"collection":[{"href":"https:\/\/ditori.com\/index.php\/wp-json\/wp\/v2\/posts"}],"about":[{"href":"https:\/\/ditori.com\/index.php\/wp-json\/wp\/v2\/types\/post"}],"author":[{"embeddable":true,"href":"https:\/\/ditori.com\/index.php\/wp-json\/wp\/v2\/users\/4"}],"replies":[{"embeddable":true,"href":"https:\/\/ditori.com\/index.php\/wp-json\/wp\/v2\/comments?post=1052"}],"version-history":[{"count":1,"href":"https:\/\/ditori.com\/index.php\/wp-json\/wp\/v2\/posts\/1052\/revisions"}],"predecessor-version":[{"id":1054,"href":"https:\/\/ditori.com\/index.php\/wp-json\/wp\/v2\/posts\/1052\/revisions\/1054"}],"wp:featuredmedia":[{"embeddable":true,"href":"https:\/\/ditori.com\/index.php\/wp-json\/wp\/v2\/media\/1053"}],"wp:attachment":[{"href":"https:\/\/ditori.com\/index.php\/wp-json\/wp\/v2\/media?parent=1052"}],"wp:term":[{"taxonomy":"category","embeddable":true,"href":"https:\/\/ditori.com\/index.php\/wp-json\/wp\/v2\/categories?post=1052"},{"taxonomy":"post_tag","embeddable":true,"href":"https:\/\/ditori.com\/index.php\/wp-json\/wp\/v2\/tags?post=1052"}],"curies":[{"name":"wp","href":"https:\/\/api.w.org\/{rel}","templated":true}]}}