{"id":1015,"date":"2023-08-31T13:54:21","date_gmt":"2023-08-31T13:54:21","guid":{"rendered":"https:\/\/ditori.com\/?p=1015"},"modified":"2023-08-31T13:54:21","modified_gmt":"2023-08-31T13:54:21","slug":"rama-varhelyi-nuk-e-zhgenjeu-rajonin-autobusi-i-unionit-po-behet-interesant","status":"publish","type":"post","link":"https:\/\/ditori.com\/index.php\/2023\/08\/31\/rama-varhelyi-nuk-e-zhgenjeu-rajonin-autobusi-i-unionit-po-behet-interesant\/","title":{"rendered":"Rama: Varhelyi nuk e zhg\u00ebnjeu rajonin, autobusi i unionit po b\u00ebhet interesant"},"content":{"rendered":"<p>\u201cKomisioneri yn\u00eb nuk e zhg\u00ebnjeu kurr\u00eb rajonin ton\u00eb, ve\u00e7an\u00ebrisht n\u00eb koh\u00eb t\u00eb v\u00ebshtira\u201d.<\/p>\n<p>K\u00ebshtu e nis reagimin e tij, kryeministri shqiptar Edi Rama sa i takon deklarat\u00ebs s\u00eb Komisionerit Evropian p\u00ebr Fqinj\u00ebsin\u00eb dhe Zgjerimin, Oliver Varhelyi se p\u00ebrsh\u00ebndet \u00e7do vendim q\u00eb merr K\u00ebshilli.<\/p>\n<p>\u201cDuhet pranuar se pas fjalimit t\u00eb papritur t\u00eb Presidentit Michel n\u00eb Forumin Strategjik t\u00eb Bled, autobusi i ngadalsh\u00ebm i BE-s\u00eb po b\u00ebhet nj\u00eb vend interesant p\u00ebr t\u00eb q\u00ebndruar edhe pa nj\u00eb vend t\u00eb lir\u00eb \u2013 pa dyshim q\u00eb pasagjer\u00ebt e Ballkanit Per\u00ebndimor mund t\u00eb durojn\u00eb m\u00eb mir\u00eb gjat\u00ebsin\u00eb e udh\u00ebtimit duke ndjekur nj\u00eb bised\u00eb me z\u00eb t\u00eb lart\u00eb\u201d.<\/p>\n<p>M\u00eb her\u00ebt, Varhelyi komentoi deklarat\u00ebn e presidentit t\u00eb K\u00ebshillit t\u00eb Evrop\u00ebs Charles Michel ku sugjeroi se Bashkimi Evropian duhet t\u00eb jet\u00eb gati t\u00eb pranoj\u00eb shtete t\u00eb reja an\u00ebtare deri n\u00eb vitin 2030.<\/p>\n<p>Sipas Varhelyi-t, nuk b\u00ebhet fjal\u00eb p\u00ebr data por \u00ebsht\u00eb m\u00eb shum\u00eb \u00e7\u00ebshtje vullneti nga ana e BE-s\u00eb.<\/p>\n<p>Gjithashtu ai thekson se lidhet edhe me ofrimin nga ana e \u201cvendeve tona partnere n\u00eb Ballkanin Per\u00ebndimor apo tre vendeve t\u00eb tjera kandidate\u201d.<\/p>\n<p>\u201cKomisioni \u00ebsht\u00eb i gatsh\u00ebm t\u00eb b\u00ebj\u00eb \u00e7do propozim p\u00ebr t\u00eb arritur atje dhe k\u00ebt\u00eb do ta shihni tashm\u00eb n\u00eb tetor, kur do t\u00eb b\u00ebjm\u00eb propozime thelb\u00ebsore duke p\u00ebrfshir\u00eb Planin e Rritjes, t\u00eb cilin Presidenti yn\u00eb e ka shpjeguar tashm\u00eb n\u00eb Bratislav\u00eb, q\u00eb do t\u00eb p\u00ebrshpejtoj\u00eb jo vet\u00ebm institucionalin, por edhe integrimin real. Integrimi real i njer\u00ebzve dhe i ekonomive n\u00eb Bashkimin Evropian\u201d.<\/p>\n<p>Vendet kandidate p\u00ebr n\u00eb BE akuzuan institucionet e Brukselit p\u00ebr zhvendosjen e objektivave dhe shpreh\u00ebn nj\u00eb s\u00ebr\u00eb shqet\u00ebsimesh me afatin kohor t\u00eb Michel.<\/p>\n<p>Duke folur n\u00eb nj\u00eb forum n\u00eb Bled, Slloveni, t\u00eb h\u00ebn\u00ebn, shefi i K\u00ebshillit tregoi se BE duhet t\u00eb jet\u00eb gati t\u00eb pranoj\u00eb an\u00ebtar\u00eb t\u00eb rinj n\u00eb vitin 2030, n\u00eb nj\u00eb p\u00ebrpjekje p\u00ebr t\u00eb ringjallur debatin e zgjerimit t\u00eb BE-s\u00eb.<\/p>\n<p>Por fjal\u00ebt e tij u prit\u00ebn me bezdi nga udh\u00ebheq\u00ebsit e Ballkanit Per\u00ebndimor dhe Komisioni Evropian, i cili refuzoi t\u00eb mb\u00ebshteste objektivin.<\/p>\n<p>Kryeministri shqiptar, Edi Rama, shprehu dyshime se vendi i tij do t\u00eb jet\u00eb gati p\u00ebr t\u2019u bashkuar deri n\u00eb vitin 2030 \u2013 por ai ia hodhi fajin Brukselit p\u00ebr k\u00ebt\u00eb.<\/p>\n<p>\u201cNuk duhet t\u00eb ket\u00eb vet\u00ebm reforma dhe kritika q\u00eb jan\u00eb t\u00eb nevojshme, por edhe mb\u00ebshtetja m\u00eb konsekuente dhe nuk po flas vet\u00ebm nga pik\u00ebpamja financiare, por edhe aksesi n\u00eb treg i sip\u00ebrmarrjeve tona\u201d, tha kreu shqiptar, duke n\u00ebnvizuar se BE-ja ka mbetur prapa SHBA-ve dhe Kin\u00ebs n\u00eb mb\u00ebshtetjen e saj financiare p\u00ebr infrastruktur\u00ebn n\u00eb rajon.<\/p>\n<p>Disa vende t\u00eb Ballkanit kan\u00eb qen\u00eb vende kandidate p\u00ebr n\u00eb BE prej vitesh, duke shkaktuar shqet\u00ebsime n\u00eb rajon se Brukseli nuk d\u00ebshiron q\u00eb ata t\u00eb bashkohen me klubin. Por lufta e Rusis\u00eb n\u00eb Ukrain\u00eb ka ringjallur debatin mbi zgjerimin, i cili do t\u00eb diskutohet nga lider\u00ebt e BE-s\u00eb n\u00eb nj\u00eb mbledhje jozyrtare n\u00eb Spanj\u00eb n\u00eb tetor.<\/p>\n<p>Duke folur n\u00eb Bled, Kryeministrja e Serbis\u00eb, Ana Brnabi\u00e7, akuzoi BE-n\u00eb p\u00ebr zhvendosjen e shtyllave dhe zvarritjen e saj drejt zgjerimit t\u00eb BE-s\u00eb.<\/p>\n<p>\u201cArsyeja e par\u00eb \u00ebsht\u00eb se procesi zgjat kaq shum\u00eb dhe nuk ka fund n\u00eb horizont. E dyta \u00ebsht\u00eb se kriteret ose \u00e7far\u00eb duhet t\u00eb b\u00ebni p\u00ebr t\u00eb p\u00ebrparuar po ndryshojn\u00eb vazhdimisht,\u201d tha ajo.<\/p>\n<p>Edhe homologu i saj malazez Dritan Abazovic kritikoi BE-n\u00eb p\u00ebr mosmbajtjen e premtimeve t\u00eb saj n\u00eb Ballkan.<\/p>\n<p>\u201cNuk \u00ebsht\u00eb e drejt\u00eb q\u00eb t\u00eb na k\u00ebrkohet t\u00eb b\u00ebjm\u00eb di\u00e7ka, dhe m\u00eb pas, pasi e b\u00ebjm\u00eb at\u00eb, ata thon\u00eb: \u201cKjo \u00ebsht\u00eb mir\u00eb, por tani nuk \u00ebsht\u00eb momenti p\u00ebr di\u00e7ka\u201d, tha ai.<\/p>\n<p>\u201c2030 \u00ebsht\u00eb shum\u00eb larg p\u00ebr ne\u201d, shtoi Abazovic, duke iu referuar objektivit t\u00eb Michel.<\/p>\n","protected":false},"excerpt":{"rendered":"<p>\u201cKomisioneri yn\u00eb nuk e zhg\u00ebnjeu kurr\u00eb rajonin ton\u00eb, ve\u00e7an\u00ebrisht n\u00eb koh\u00eb t\u00eb v\u00ebshtira\u201d. K\u00ebshtu e nis reagimin e tij, kryeministri shqiptar Edi Rama sa i takon deklarat\u00ebs s\u00eb Komisionerit Evropian p\u00ebr Fqinj\u00ebsin\u00eb dhe Zgjerimin, Oliver Varhelyi se p\u00ebrsh\u00ebndet \u00e7do vendim q\u00eb merr K\u00ebshilli. \u201cDuhet pranuar se pas fjalimit t\u00eb papritur t\u00eb Presidentit Michel n\u00eb Forumin [&hellip;]<\/p>\n","protected":false},"author":4,"featured_media":1016,"comment_status":"open","ping_status":"open","sticky":false,"template":"","format":"standard","meta":{"footnotes":""},"categories":[9],"tags":[],"_links":{"self":[{"href":"https:\/\/ditori.com\/index.php\/wp-json\/wp\/v2\/posts\/1015"}],"collection":[{"href":"https:\/\/ditori.com\/index.php\/wp-json\/wp\/v2\/posts"}],"about":[{"href":"https:\/\/ditori.com\/index.php\/wp-json\/wp\/v2\/types\/post"}],"author":[{"embeddable":true,"href":"https:\/\/ditori.com\/index.php\/wp-json\/wp\/v2\/users\/4"}],"replies":[{"embeddable":true,"href":"https:\/\/ditori.com\/index.php\/wp-json\/wp\/v2\/comments?post=1015"}],"version-history":[{"count":1,"href":"https:\/\/ditori.com\/index.php\/wp-json\/wp\/v2\/posts\/1015\/revisions"}],"predecessor-version":[{"id":1017,"href":"https:\/\/ditori.com\/index.php\/wp-json\/wp\/v2\/posts\/1015\/revisions\/1017"}],"wp:featuredmedia":[{"embeddable":true,"href":"https:\/\/ditori.com\/index.php\/wp-json\/wp\/v2\/media\/1016"}],"wp:attachment":[{"href":"https:\/\/ditori.com\/index.php\/wp-json\/wp\/v2\/media?parent=1015"}],"wp:term":[{"taxonomy":"category","embeddable":true,"href":"https:\/\/ditori.com\/index.php\/wp-json\/wp\/v2\/categories?post=1015"},{"taxonomy":"post_tag","embeddable":true,"href":"https:\/\/ditori.com\/index.php\/wp-json\/wp\/v2\/tags?post=1015"}],"curies":[{"name":"wp","href":"https:\/\/api.w.org\/{rel}","templated":true}]}}