{"id":1006,"date":"2023-08-31T13:14:55","date_gmt":"2023-08-31T13:14:55","guid":{"rendered":"https:\/\/ditori.com\/?p=1006"},"modified":"2023-08-31T13:14:55","modified_gmt":"2023-08-31T13:14:55","slug":"kadriu-i-kemi-perfunduar-pergatitjet-teknike-dhe-akademike-per-fillimin-e-vitit-shkollor-ne-mitrovice","status":"publish","type":"post","link":"https:\/\/ditori.com\/index.php\/2023\/08\/31\/kadriu-i-kemi-perfunduar-pergatitjet-teknike-dhe-akademike-per-fillimin-e-vitit-shkollor-ne-mitrovice\/","title":{"rendered":"Kadriu: I kemi p\u00ebrfunduar p\u00ebrgatitjet teknike dhe akademike p\u00ebr fillimin e vitit shkollor n\u00eb Mitrovic\u00eb"},"content":{"rendered":"<p><strong>Drejtoresha e Arsimit n\u00eb Komun\u00ebn e Mitrovic\u00ebs, Drita Kadriu, ka folur p\u00ebr p\u00ebrgatitjet n\u00eb aspektin teknik dhe akademik p\u00ebr fillimin e vitit t\u00eb ri shkollor.<\/strong><\/p>\n<p>P\u00ebrjashtuar investimin n\u00eb shkoll\u00ebn \u201cEqrem Qabej\u201d dhe n\u00eb \u201cBislim Imeri\u201d, ajo ka th\u00ebn\u00eb se t\u00eb gjitha p\u00ebrgatitjet kan\u00eb p\u00ebrfunduar.<\/p>\n<p>Kadriu ka th\u00ebn\u00eb se \u00ebsht\u00eb rritur buxheti p\u00ebr investime kapitale n\u00eb sektorin e arsimit.<\/p>\n<p>\u201cP\u00ebrgatitjet teknike p\u00ebr t\u00eb gjitha shkollat e Mitrovic\u00ebs jan\u00eb b\u00ebr\u00eb, n\u00eb materialin q\u00eb ju e keni marr\u00eb do ta shihni q\u00eb k\u00ebt\u00eb vit, buxheti p\u00ebr investime kapitale n\u00eb sektorin e arsimit \u00ebsht\u00eb rritur m\u00eb shum\u00eb se n\u00eb 900 mij\u00eb euro, p\u00ebr dallim nga viti 2021 q\u00eb ishte 130 mij\u00eb, ose viti 2022 q\u00eb ishte diku 350 mij\u00eb euro\u201d, ka th\u00ebn\u00eb Kadriu.<\/p>\n<p>Nd\u00ebrsa ka p\u00ebrmendur v\u00ebshtir\u00ebsit\u00eb teknike n\u00eb dy shkolla.<\/p>\n<div class=\"ai-viewport-1\" data-insertion-position=\"prepend\" data-selector=\".ai-insert-1-78228014\" data-insertion-no-dbg=\"\" data-code=\"PGRpdiBjbGFzcz0nY29kZS1ibG9jayBjb2RlLWJsb2NrLTEgY29kZS1ibG9jay1pbmFydGljbGUtZGVza3RvcCcgc3R5bGU9J21hcmdpbjogOHB4IGF1dG87IHRleHQtYWxpZ246IGNlbnRlcjsgZGlzcGxheTogYmxvY2s7IGNsZWFyOiBib3RoOyB3aWR0aDogMzAwcHg7IGhlaWdodDogNDIwcHg7IGJhY2tncm91bmQtY29sb3I6ICNmZmZmZmY7Jz4KPGRpdiBzdHlsZT0icG9zaXRpb246IHN0aWNreTsgdG9wOiAxNXB4OyI+CjxkaXYgY2xhc3M9ImNvZGUtYmxvY2stbGFiZWwiPlJla2xhbWE8L2Rpdj4KPCEtLSBHUFQgQWRTbG90IDE3IGZvciBBZCB1bml0ICdJbi1hcnRpY2xlX2JveF8yJyAjIyMgU2l6ZTogW1szMDAsMjUwXSxbMSwxXV0tLT4KPGRpdiBpZD0naW5hcnRpY2xlMic+CiAgPHNjcmlwdD4KICAgIGdvb2dsZXRhZy5jbWQucHVzaChmdW5jdGlvbigpIHsgZ29vZ2xldGFnLmRpc3BsYXkoJ2luYXJ0aWNsZTInKTsgfSk7CiAgPC9zY3JpcHQ+CjwvZGl2Pgo8IS0tIEVuZCBBZFNsb3QgMTcgLS0+CjwvZGl2Pgo8ZGl2IHN0eWxlPSIgaGVpZ2h0OiAzOTBweDsiPjwvZGl2Pgo8L2Rpdj4K\" data-block=\"1\">\n<div class=\"code-block code-block-1 code-block-inarticle-desktop\">\n<div>\n<p>\u201cV\u00ebshtir\u00ebsi teknike, i kemi edhe tri deri kat\u00ebr dit\u00eb q\u00eb t\u00eb p\u00ebrmbyllim investimin n\u00eb shkoll\u00ebn \u2018Eqrem Qabej\u2019 dhe nyjet sanitare n\u00eb shkoll\u00ebn \u2018Bislim Imeri\u2019 n\u00eb Kqik, p\u00ebrndryshe t\u00eb gjitha p\u00ebrgatitjet, me staf akademik, me personel, i kemi t\u00eb gatsh\u00ebm q\u00eb nes\u00ebr t\u00eb fillojn\u00eb vitin shkollor\u201d, ka th\u00ebn\u00eb ajo.<\/p>\n<p>Kadriu ka th\u00ebn\u00eb se k\u00ebt\u00eb vit e kan\u00eb shpallur moton \u201cLexojm\u00eb dhe shkruajm\u00eb p\u00ebr t\u00eb kuptuar\u201d.<\/p>\n<p>\u201cT\u00eb gjith\u00eb m\u00ebsimdh\u00ebn\u00ebsit k\u00ebt\u00eb vit jan\u00eb ftuar q\u00eb n\u00eb t\u00eb gjitha nivelet e kurrikul\u00ebs, shkall\u00ebt, dhe p\u00ebrmbajtjes shkencore t\u2019i zhvillojn\u00eb duke adaptuar strategjit\u00eb e m\u00ebsimdh\u00ebnies dhe duke i zhvilluar kompetencat e t\u00eb lexuarit dhe t\u00eb shkruarit p\u00ebr ta rrit t\u00eb kuptuarit e nx\u00ebn\u00ebsve dhe p\u00ebr ti rritur njohurit\u00eb. Jav\u00ebn e kaluar, n\u00eb takimin me drejt shkollash e kemi shpallur moton dhe kemi shp\u00ebrndar\u00eb materialet, n\u00eb baz\u00ebn e t\u00eb cilave materiale, shkollat do t\u00eb vazhdojn\u00eb t\u00eb punojn\u00eb n\u00eb frym\u00ebn e zhvillimit t\u00eb strategjive t\u00eb m\u00ebsimdh\u00ebnies q\u00eb I zhvillojn\u00eb k\u00ebto dy kompetenca\u201d, ka th\u00ebn\u00eb ajo.<\/p>\n<p>Ajo ka th\u00ebn\u00eb se k\u00ebt\u00eb vit e kan\u00eb funksionalizuar komisionin p\u00ebr vler\u00ebsimin e f\u00ebmij\u00ebve me nevoja t\u00eb ve\u00e7anta ku sipas saj jan\u00eb rreth 46 f\u00ebmij\u00eb.<\/p>\n<p>Gjithashtu ka th\u00ebn\u00eb se kan\u00eb funksionalizuar komisionet p\u00ebr braktisjet, duke theksuar se kan\u00eb aprovuar kodin e etik\u00ebs, mir\u00ebsjelljes dhe veshjes s\u00eb m\u00ebsimdh\u00ebn\u00ebsve.<\/p>\n<\/div>\n<\/div>\n<\/div>\n","protected":false},"excerpt":{"rendered":"<p>Drejtoresha e Arsimit n\u00eb Komun\u00ebn e Mitrovic\u00ebs, Drita Kadriu, ka folur p\u00ebr p\u00ebrgatitjet n\u00eb aspektin teknik dhe akademik p\u00ebr fillimin e vitit t\u00eb ri shkollor. P\u00ebrjashtuar investimin n\u00eb shkoll\u00ebn \u201cEqrem Qabej\u201d dhe n\u00eb \u201cBislim Imeri\u201d, ajo ka th\u00ebn\u00eb se t\u00eb gjitha p\u00ebrgatitjet kan\u00eb p\u00ebrfunduar. Kadriu ka th\u00ebn\u00eb se \u00ebsht\u00eb rritur buxheti p\u00ebr investime kapitale n\u00eb [&hellip;]<\/p>\n","protected":false},"author":4,"featured_media":1007,"comment_status":"open","ping_status":"open","sticky":false,"template":"","format":"standard","meta":{"footnotes":""},"categories":[9],"tags":[],"_links":{"self":[{"href":"https:\/\/ditori.com\/index.php\/wp-json\/wp\/v2\/posts\/1006"}],"collection":[{"href":"https:\/\/ditori.com\/index.php\/wp-json\/wp\/v2\/posts"}],"about":[{"href":"https:\/\/ditori.com\/index.php\/wp-json\/wp\/v2\/types\/post"}],"author":[{"embeddable":true,"href":"https:\/\/ditori.com\/index.php\/wp-json\/wp\/v2\/users\/4"}],"replies":[{"embeddable":true,"href":"https:\/\/ditori.com\/index.php\/wp-json\/wp\/v2\/comments?post=1006"}],"version-history":[{"count":1,"href":"https:\/\/ditori.com\/index.php\/wp-json\/wp\/v2\/posts\/1006\/revisions"}],"predecessor-version":[{"id":1008,"href":"https:\/\/ditori.com\/index.php\/wp-json\/wp\/v2\/posts\/1006\/revisions\/1008"}],"wp:featuredmedia":[{"embeddable":true,"href":"https:\/\/ditori.com\/index.php\/wp-json\/wp\/v2\/media\/1007"}],"wp:attachment":[{"href":"https:\/\/ditori.com\/index.php\/wp-json\/wp\/v2\/media?parent=1006"}],"wp:term":[{"taxonomy":"category","embeddable":true,"href":"https:\/\/ditori.com\/index.php\/wp-json\/wp\/v2\/categories?post=1006"},{"taxonomy":"post_tag","embeddable":true,"href":"https:\/\/ditori.com\/index.php\/wp-json\/wp\/v2\/tags?post=1006"}],"curies":[{"name":"wp","href":"https:\/\/api.w.org\/{rel}","templated":true}]}}