{"id":1000,"date":"2023-08-31T12:37:31","date_gmt":"2023-08-31T12:37:31","guid":{"rendered":"https:\/\/ditori.com\/?p=1000"},"modified":"2023-08-31T12:37:31","modified_gmt":"2023-08-31T12:37:31","slug":"sazan-ibrahimi-jep-detaje-nga-takimi-me-nagavcin-ne-nje-forme-e-ka-pranuar-fajin-sa-i-perket-furnizimit-te-komunave-me-tekstet-shkollore","status":"publish","type":"post","link":"https:\/\/ditori.com\/index.php\/2023\/08\/31\/sazan-ibrahimi-jep-detaje-nga-takimi-me-nagavcin-ne-nje-forme-e-ka-pranuar-fajin-sa-i-perket-furnizimit-te-komunave-me-tekstet-shkollore\/","title":{"rendered":"Sazan Ibrahimi jep detaje nga takimi me Nagavcin: N\u00eb nj\u00eb form\u00eb e ka pranuar fajin sa i p\u00ebrket furnizimit t\u00eb komunave me tekstet shkollore"},"content":{"rendered":"<h1>t shkollore<\/h1>\n<div class=\"img-holder\"><img loading=\"lazy\" decoding=\"async\" class=\"attachment-thumb_single size-thumb_single wp-post-image\" src=\"https:\/\/ekonomiaonline.com\/wp-content\/uploads\/2023\/06\/sazan-ibrahimi-850x520.jpg\" sizes=\"(max-width: 850px) 100vw, 850px\" srcset=\"https:\/\/ekonomiaonline.com\/wp-content\/uploads\/2023\/06\/sazan-ibrahimi-850x520.jpg 850w, https:\/\/ekonomiaonline.com\/wp-content\/uploads\/2023\/06\/sazan-ibrahimi-300x183.jpg 300w, https:\/\/ekonomiaonline.com\/wp-content\/uploads\/2023\/06\/sazan-ibrahimi-768x470.jpg 768w, https:\/\/ekonomiaonline.com\/wp-content\/uploads\/2023\/06\/sazan-ibrahimi-178x110.jpg 178w, https:\/\/ekonomiaonline.com\/wp-content\/uploads\/2023\/06\/sazan-ibrahimi-785x480.jpg 785w, https:\/\/ekonomiaonline.com\/wp-content\/uploads\/2023\/06\/sazan-ibrahimi-790x483.jpg 790w, https:\/\/ekonomiaonline.com\/wp-content\/uploads\/2023\/06\/sazan-ibrahimi.jpg 914w\" alt=\"\" width=\"850\" height=\"520\" \/><\/div>\n<div class=\"caption-area\"><\/div>\n<div class=\"single-date-section\"><span class=\"time-date\">PRISHTIN\u00cb | 31 GUS 2023 | 14:34 |\u00a0Nga Ekonomia Online<\/span><\/div>\n<div class=\"content-holder\">\n<p>Drejtori AKK-s\u00eb, Sazan Ibrahimi ka dh\u00ebn\u00eb m\u00eb shum\u00eb detaje n\u00eb takimin q\u00eb ka pasur ministrja e Arsimit, Arb\u00ebrie Nagavci n\u00eb takim me drejtor\u00ebt komunal t\u00eb arsimit.<\/p>\n<p>Ibrahimi n\u00eb nj\u00eb prononcim p\u00ebr GazetaBlic tregon se n\u00eb nj\u00ebfar\u00eb forme, Nagavci ka pranuar fajin rreth \u00e7\u00ebshtjes s\u00eb librave.<\/p>\n<p>\u201cDrejtor\u00ebt komunal t\u00eb Arsimit jan\u00eb takuar me ministren Nagavci, ku kjo e fundit po them kushtimisht q\u00eb e ka pranuar fajin sa i p\u00ebrket furnizimit t\u00eb komunave me tekstet shkollore\u201d, tha Ibrahimi.<\/p>\n<p>Sipas Ibrahimit nes\u00ebr dikur rreth 50% e nx\u00ebn\u00ebsve nuk do t\u00eb jen\u00eb t\u00eb furnizuar me libra.<\/p>\n<p>\u201cKomunat i kan\u00eb kryer t\u00eb gjitha p\u00ebrgatitjet sa i p\u00ebrket p\u00ebrgjegj\u00ebsive t\u00eb tyre ligjore, por duke marr\u00eb parasysh faktin q\u00eb jan\u00eb mbi 200 mij\u00eb nx\u00ebn\u00ebs q\u00eb fillojn\u00eb m\u00ebsimin nga klasa e par\u00eb deri n\u00eb klas\u00ebn e n\u00ebnt\u00eb, ministria \u00ebsht\u00eb e obliguar ligj\u00ebrisht t\u2019i furnizoj\u00eb me tekstet m\u00ebsimore, nd\u00ebrsa sipas sh\u00ebnimeve t\u00eb djeshme ishin diku 80 mij\u00eb aplikime, nga kjo po del q\u00eb mbi 50-60% nga nx\u00ebn\u00ebsit nuk do t\u00eb furnizohen me tekste shkollore dit\u00ebn e nes\u00ebrme\u201d, p\u00ebrfundoi Ibrahimi<\/p>\n<\/div>\n","protected":false},"excerpt":{"rendered":"<p>t shkollore PRISHTIN\u00cb | 31 GUS 2023 | 14:34 |\u00a0Nga Ekonomia Online Drejtori AKK-s\u00eb, Sazan Ibrahimi ka dh\u00ebn\u00eb m\u00eb shum\u00eb detaje n\u00eb takimin q\u00eb ka pasur ministrja e Arsimit, Arb\u00ebrie Nagavci n\u00eb takim me drejtor\u00ebt komunal t\u00eb arsimit. Ibrahimi n\u00eb nj\u00eb prononcim p\u00ebr GazetaBlic tregon se n\u00eb nj\u00ebfar\u00eb forme, Nagavci ka pranuar fajin rreth \u00e7\u00ebshtjes [&hellip;]<\/p>\n","protected":false},"author":4,"featured_media":1001,"comment_status":"open","ping_status":"open","sticky":false,"template":"","format":"standard","meta":{"footnotes":""},"categories":[9],"tags":[],"_links":{"self":[{"href":"https:\/\/ditori.com\/index.php\/wp-json\/wp\/v2\/posts\/1000"}],"collection":[{"href":"https:\/\/ditori.com\/index.php\/wp-json\/wp\/v2\/posts"}],"about":[{"href":"https:\/\/ditori.com\/index.php\/wp-json\/wp\/v2\/types\/post"}],"author":[{"embeddable":true,"href":"https:\/\/ditori.com\/index.php\/wp-json\/wp\/v2\/users\/4"}],"replies":[{"embeddable":true,"href":"https:\/\/ditori.com\/index.php\/wp-json\/wp\/v2\/comments?post=1000"}],"version-history":[{"count":1,"href":"https:\/\/ditori.com\/index.php\/wp-json\/wp\/v2\/posts\/1000\/revisions"}],"predecessor-version":[{"id":1002,"href":"https:\/\/ditori.com\/index.php\/wp-json\/wp\/v2\/posts\/1000\/revisions\/1002"}],"wp:featuredmedia":[{"embeddable":true,"href":"https:\/\/ditori.com\/index.php\/wp-json\/wp\/v2\/media\/1001"}],"wp:attachment":[{"href":"https:\/\/ditori.com\/index.php\/wp-json\/wp\/v2\/media?parent=1000"}],"wp:term":[{"taxonomy":"category","embeddable":true,"href":"https:\/\/ditori.com\/index.php\/wp-json\/wp\/v2\/categories?post=1000"},{"taxonomy":"post_tag","embeddable":true,"href":"https:\/\/ditori.com\/index.php\/wp-json\/wp\/v2\/tags?post=1000"}],"curies":[{"name":"wp","href":"https:\/\/api.w.org\/{rel}","templated":true}]}}